{"id":3544702,"date":"2026-08-05T15:28:39","date_gmt":"2026-08-05T18:28:39","guid":{"rendered":"https:\/\/ecompare.com.br\/lojas\/2026\/08\/tratamento-para-couro-cabeludo-seco-moroccanoil-dry-scalp-45-ml-39025454756\/"},"modified":"2026-08-05T15:28:39","modified_gmt":"2026-08-05T18:28:39","slug":"tratamento-para-couro-cabeludo-seco-moroccanoil-dry-scalp-45-ml-39025454756","status":"publish","type":"post","link":"https:\/\/ecompare.com.br\/lojas\/2026\/08\/tratamento-para-couro-cabeludo-seco-moroccanoil-dry-scalp-45-ml-39025454756\/","title":{"rendered":"Tratamento para Couro Cabeludo Seco Moroccanoil Dry Scalp 45 ml-39025454756"},"content":{"rendered":"<h2>Cabelos<\/h2>\n<h3>O pre\u00e7o m\u00e9dio de Tratamento para Couro Cabeludo Seco Moroccanoil Dry Scalp 45 ml no dia de inclus\u00e3o do produto no ECompare era de <strong>R$ 289.90<\/strong>.<\/h3>\n<h4>Veja no site da loja AMOBELEZA _ o pre\u00e7o e estoque atualmente: <a href=\"https:\/\/www.awin1.com\/pclick.php?p=39025454756&#038;a=690303&#038;m=100869\" target=\"_blank\" rel=\"noopener sponsored\"><img decoding=\"async\" src=\"https:\/\/ui.awin.com\/images\/upload\/merchant\/profile\/100869.png\" alt=\"Tratamento para Couro Cabeludo Seco Moroccanoil Dry Scalp 45 ml\" \/> &#8211; <strong>acesse aqui!<\/strong><\/a><\/h4>\n<p><img decoding=\"async\" src=\"https:\/\/amobeleza.vteximg.com.br\/arquivos\/ids\/271892_2\" alt=\"Tratamento para Couro Cabeludo Seco Moroccanoil Dry Scalp 45 ml\" \/><br \/>\nO Tratamento Para Couro Cabeludo Seco Moroccanoil Dry Scalp cont\u00e9m 45 ml, ajuda a desintoxicar, renovar e acalmar o couro cabeludo. Tratamento Espec\u00edfico para cabelos secos ou ressecados. Cont\u00e9m \u00e1cido salic\u00edlico que atua como um esfoliante, \u00f3leo de ger\u00e2nio que possui propriedades calmantes e vitamina E que equilibra a umidade capilar. Benef\u00edcios: Anticaspa; Purifica; Acalma. Modo de usar: Agite bem o frasco do Tratamento, divida o cabelo em mechas, aplique de 3 a 6 gotas em cada mecha e massageie suavemente o couro cabeludo. Deixe agir de 5-10 minutos. Penteie os fios e enx\u00e1gue. Lave o cabelo e aplique o Condicionador.<\/p>\n<h5>Aproveite e pesquise o pre\u00e7o deste produto em dezenas de lojas dos marketplaces abaixo:<\/h5>\n<p><a href=\"https:\/\/www.magazinevoce.com.br\/magazineezu\/busca\/Tratamento para Couro Cabeludo Seco Moroccanoil Dry Scalp 45 ml\/\" target=\"_blank\" rel=\"noopener\"><img decoding=\"async\" src=\"https:\/\/mvc.mlcdn.com.br\/ad\/pmd_desk_lancamento_1305.png\" alt=\"Pesquise no Magazine eZu\" \/> &#8211; da Parceria MAGALU<\/a>.<\/p>\n<hr \/>\n<p><script async src=\"https:\/\/pagead2.googlesyndication.com\/pagead\/js\/adsbygoogle.js?client=ca-pub-5987304558705355\" crossorigin=\"anonymous\"><\/script><br \/>\n<ins class=\"adsbygoogle\" style=\"display: block;\" data-ad-format=\"autorelaxed\" data-ad-client=\"ca-pub-5987304558705355\" data-ad-slot=\"6675008826\"><\/ins><br \/>\n<script>\n     (adsbygoogle = window.adsbygoogle || ).push();\n<\/script><\/p>\n<hr \/>\n<p>Ainda n\u00e3o encontrou a melhor op\u00e7\u00e3o de compra? Oferecemos outra possibilidade de <strong>busca<\/strong>, mais ampla, para <a href=\"https:\/\/ecompare.com.br\/lojas\/resultados-da-pesquisa\/?q=Tratamento para Couro Cabeludo Seco Moroccanoil Dry Scalp 45 ml#gsc.tab=0&amp;gsc.q=Tratamento para Couro Cabeludo Seco Moroccanoil Dry Scalp 45 ml&amp;gsc.page=1\" target=\"_top\" rel=\"noopener\">Tratamento para Couro Cabeludo Seco Moroccanoil Dry Scalp 45 ml, clique e continue <strong>pesquisando&#8230;<\/strong><\/a><\/p>\n<hr \/>\n<p>COD52257007611634432552077016614334<\/p>\n","protected":false},"excerpt":{"rendered":"<p>R$ 289.90 nas lojas <a href=\"https:\/\/www.amobeleza.com.br\/tratamento-para-couro-cabeludo-seco-moroccanoil-dry-scalp-45ml\/p?idsku=17289&#038;utm_source=awin&#038;utm_campaign=btg&#038;utm_source=awin&#038;utm_medium=affiliate&#038;utm_id=&#038;utm_term=690303\" target=\"_blank\" rel=\"sponsored\">AMOBELEZA BR<\/a><\/p>\n","protected":false},"author":1,"featured_media":0,"comment_status":"closed","ping_status":"closed","sticky":false,"template":"","format":"standard","meta":{"footnotes":""},"categories":[5],"tags":[148552,113564,351076],"class_list":["post-3544702","post","type-post","status-publish","format-standard","hentry","category-produtos","tag-289-90","tag-amobeleza-br","tag-cabelos"],"_links":{"self":[{"href":"https:\/\/ecompare.com.br\/lojas\/wp-json\/wp\/v2\/posts\/3544702","targetHints":{"allow":["GET"]}}],"collection":[{"href":"https:\/\/ecompare.com.br\/lojas\/wp-json\/wp\/v2\/posts"}],"about":[{"href":"https:\/\/ecompare.com.br\/lojas\/wp-json\/wp\/v2\/types\/post"}],"author":[{"embeddable":true,"href":"https:\/\/ecompare.com.br\/lojas\/wp-json\/wp\/v2\/users\/1"}],"replies":[{"embeddable":true,"href":"https:\/\/ecompare.com.br\/lojas\/wp-json\/wp\/v2\/comments?post=3544702"}],"version-history":[{"count":0,"href":"https:\/\/ecompare.com.br\/lojas\/wp-json\/wp\/v2\/posts\/3544702\/revisions"}],"wp:attachment":[{"href":"https:\/\/ecompare.com.br\/lojas\/wp-json\/wp\/v2\/media?parent=3544702"}],"wp:term":[{"taxonomy":"category","embeddable":true,"href":"https:\/\/ecompare.com.br\/lojas\/wp-json\/wp\/v2\/categories?post=3544702"},{"taxonomy":"post_tag","embeddable":true,"href":"https:\/\/ecompare.com.br\/lojas\/wp-json\/wp\/v2\/tags?post=3544702"}],"curies":[{"name":"wp","href":"https:\/\/api.w.org\/{rel}","templated":true}]}}