{"id":2449795,"date":"2026-03-13T17:33:53","date_gmt":"2026-03-13T20:33:53","guid":{"rendered":"https:\/\/ecompare.com.br\/lojas\/2026\/03\/creme-pre-e-pos-barba-multifuncional-cafe-verde-100ml\/"},"modified":"2026-03-13T17:33:53","modified_gmt":"2026-03-13T20:33:53","slug":"creme-pre-e-pos-barba-multifuncional-cafe-verde-100ml","status":"publish","type":"post","link":"https:\/\/ecompare.com.br\/lojas\/2026\/03\/creme-pre-e-pos-barba-multifuncional-cafe-verde-100ml\/","title":{"rendered":"Creme Pr\u00e9 e P\u00f3s-Barba Multifuncional Caf\u00e9 Verde 100ml"},"content":{"rendered":"<h2>Health &#038; Beauty > Personal Care > Cosmetics<\/h2>\n<h3>O pre\u00e7o m\u00e9dio de Creme Pr\u00e9 e P\u00f3s-Barba Multifuncional Caf\u00e9 Verde 100ml no dia acima era de <strong>R$ 89.9<\/strong>.<\/h3>\n<h4>Como est\u00e3o os pre\u00e7os atualmente: <a href=\"https:\/\/www.awin1.com\/pclick.php?p=41721849232&#038;a=690303&#038;m=17631\" target=\"_blank\" rel=\"noopener sponsored\"><img decoding=\"async\" src=\"https:\/\/ui.awin.com\/images\/upload\/merchant\/profile\/17631.png\" alt=\"Creme Pr\u00e9 e P\u00f3s-Barba Multifuncional Caf\u00e9 Verde 100ml\" \/> &#8211; nas lojas Loccitane Au Bresil _<\/a><\/h4>\n<p><img decoding=\"async\" src=\"https:\/\/br.loccitaneaubresil.com\/on\/demandware.static\/-\/Sites-lbr-master-catalog\/default\/dw99da0874\/images\/Novas_Fotos_PDP\/_OBVS100286.png\" alt=\"Creme Pr\u00e9 e P\u00f3s-Barba Multifuncional Caf\u00e9 Verde 100ml\" \/><br \/>\nL&#8217;Occitane au Br&eacute;sil encontrou na energia do Caf&eacute; Verde a inspira&ccedil;&atilde;o para esta linha masculina de produtos para o corpo, rosto e cabelos, com benef&iacute;cios desenvolvidos especialmente para o homem brasileiro. Esse creme multifuncional formulado com &oacute;leo de Caf&eacute; Verde, que promove energia&sup1; que &eacute; usada para ajudar a melhorar a qualidade e o metabolismo da pele, combina dois produtos em uma &uacute;nica f&oacute;rmula. &sup1;Benef&iacute;cio atribu&iacute;do ao &oacute;leo de Caf&eacute; Verde \/ Teste in vitro INGREDIENTES: AQUA\/WATER &#8211; GLYCERIN &#8211; OCTYLDODECANOL &#8211; GLYCERYL STEARATE &#8211; CAPRYLIC\/CAPRIC TRIGLYCERIDE &#8211; BUTYROSPERMUM PARKII (SHEA) BUTTER &#8211; PEG-100 STEARATE &#8211; DIMETHICONE &#8211; TAPIOCA STARCH &#8211; COFFEA ARABICA (COFFEE) SEED OIL &#8211; COCOS NUCIFERA (COCONUT) OIL &#8211; HYDROXYETHYL ACRYLATE\/SODIUM ACRYLOYLDIMETHYL TAURATE COPOLYMER &#8211; CETYL ALCOHOL &#8211; CAPRYLYL GLYCOL &#8211; ALLANTOIN &#8211; DISODIUM EDTA &#8211; POLYSORBATE 60 &#8211; SORBITAN ISOSTEARATE &#8211; SODIUM HYDROXIDE &#8211; CITRIC ACID &#8211; CHLORPHENESIN &#8211; TOCOPHERYL ACETATE &#8211; TOCOPHEROL &#8211; PARFUM\/FRAGRANCE &#8211; BENZYL SALICYLATE &#8211; LIMONENE &#8211; LINALOOL &#8211; GERANIOL &#8211; COUMARIN.<\/p>\n<h5>Aproveite e pesquise o pre\u00e7o deste produto em dezenas de lojas dos marketplaces abaixo:<\/h5>\n<p><a href=\"https:\/\/www.magazinevoce.com.br\/magazineezu\/busca\/Creme Pr\u00e9 e P\u00f3s-Barba Multifuncional Caf\u00e9 Verde 100ml\/\" target=\"_blank\" rel=\"noopener\"><img decoding=\"async\" src=\"https:\/\/mvc.mlcdn.com.br\/ad\/2503_superofertas.png\" alt=\"Pesquise no Magazine eZu\" \/> &#8211; da Parceria MAGALU<\/a>.<\/p>\n<hr \/>\n<p><script async src=\"https:\/\/pagead2.googlesyndication.com\/pagead\/js\/adsbygoogle.js?client=ca-pub-5987304558705355\" crossorigin=\"anonymous\"><\/script><br \/>\n<ins class=\"adsbygoogle\" style=\"display: block;\" data-ad-format=\"autorelaxed\" data-ad-client=\"ca-pub-5987304558705355\" data-ad-slot=\"6675008826\"><\/ins><br \/>\n<script>\n     (adsbygoogle = window.adsbygoogle || ).push();\n<\/script><\/p>\n<hr \/>\n<p>Ainda n\u00e3o encontrou a melhor op\u00e7\u00e3o de compra? Oferecemos outra possibilidade de <strong>busca<\/strong>, mais ampla, para <a href=\"https:\/\/ecompare.com.br\/lojas\/resultados-da-pesquisa\/?q=Creme Pr\u00e9 e P\u00f3s-Barba Multifuncional Caf\u00e9 Verde 100ml#gsc.tab=0&amp;gsc.q=Creme Pr\u00e9 e P\u00f3s-Barba Multifuncional Caf\u00e9 Verde 100ml&amp;gsc.page=1\" target=\"_top\" rel=\"noopener\">Creme Pr\u00e9 e P\u00f3s-Barba Multifuncional Caf\u00e9 Verde 100ml, clique e continue <strong>pesquisando&#8230;<\/strong><\/a><\/p>\n<hr \/>\n<p>C\u00f3digo: 41721849232_OBVS10028617631111R$ 103889<\/p>\n","protected":false},"excerpt":{"rendered":"<p>R$ 89.9 nas lojas <a href=\"https:\/\/br.loccitaneaubresil.com\/pt-br\/p\/creme-pre-pos-barba-multifuncional-caf%C3%A9-verde\/BROBVS100286.html&#038;utm_source=awin&#038;utm_medium=affiliate&#038;utm_id=&#038;utm_term=690303\" target=\"_blank\" rel=\"sponsored\">Loccitane Au Bresil BR<\/a><\/p>\n","protected":false},"author":1,"featured_media":0,"comment_status":"closed","ping_status":"closed","sticky":false,"template":"","format":"standard","meta":{"fifu_image_url":"","fifu_image_alt":"","footnotes":""},"categories":[5],"tags":[152856,152855,153576,139073,153577,152852,34],"class_list":["post-2449795","post","type-post","status-publish","format-standard","hentry","category-produtos","tag-152856","tag-152855","tag-153576","tag-89-9","tag-brobvs100286","tag-health-beauty-personal-care-cosmetics","tag-loccitane-au-bresil-br"],"_links":{"self":[{"href":"https:\/\/ecompare.com.br\/lojas\/wp-json\/wp\/v2\/posts\/2449795","targetHints":{"allow":["GET"]}}],"collection":[{"href":"https:\/\/ecompare.com.br\/lojas\/wp-json\/wp\/v2\/posts"}],"about":[{"href":"https:\/\/ecompare.com.br\/lojas\/wp-json\/wp\/v2\/types\/post"}],"author":[{"embeddable":true,"href":"https:\/\/ecompare.com.br\/lojas\/wp-json\/wp\/v2\/users\/1"}],"replies":[{"embeddable":true,"href":"https:\/\/ecompare.com.br\/lojas\/wp-json\/wp\/v2\/comments?post=2449795"}],"version-history":[{"count":0,"href":"https:\/\/ecompare.com.br\/lojas\/wp-json\/wp\/v2\/posts\/2449795\/revisions"}],"wp:attachment":[{"href":"https:\/\/ecompare.com.br\/lojas\/wp-json\/wp\/v2\/media?parent=2449795"}],"wp:term":[{"taxonomy":"category","embeddable":true,"href":"https:\/\/ecompare.com.br\/lojas\/wp-json\/wp\/v2\/categories?post=2449795"},{"taxonomy":"post_tag","embeddable":true,"href":"https:\/\/ecompare.com.br\/lojas\/wp-json\/wp\/v2\/tags?post=2449795"}],"curies":[{"name":"wp","href":"https:\/\/api.w.org\/{rel}","templated":true}]}}