{"id":2177065,"date":"2025-10-12T21:10:30","date_gmt":"2025-10-13T00:10:30","guid":{"rendered":"https:\/\/ecompare.com.br\/lojas\/2025\/10\/calca-masculina-social-azul-41813710495\/"},"modified":"2025-10-12T21:10:30","modified_gmt":"2025-10-13T00:10:30","slug":"calca-masculina-social-azul-41813710495","status":"publish","type":"post","link":"https:\/\/ecompare.com.br\/lojas\/2025\/10\/calca-masculina-social-azul-41813710495\/","title":{"rendered":"Cal\u00e7a Masculina Social &#8211; Azul &#8211; 41813710495"},"content":{"rendered":"<h2><\/h2>\n<h3>O pre\u00e7o de Cal\u00e7a Masculina Social &#8211; Azul no dia acima especificado era de <strong>R$ 2559.00<\/strong>.<\/h3>\n<p>Confira o pre\u00e7o atual aqui: <a href=\"https:\/\/www.awin1.com\/pclick.php?p=41813710495&#038;a=690303&#038;m=117987\" target=\"_blank\" rel=\"noopener sponsored\"><img decoding=\"async\" src=\"https:\/\/ui.awin.com\/images\/upload\/merchant\/profile\/117987.png\" alt=\"Cal\u00e7a Masculina Social - Azul\" \/> &#8211; nas lojas Shop2gether _<\/a><\/p>\n<p><img decoding=\"async\" src=\"https:\/\/shop2gether.fbitsstatic.net\/img\/p\/calca-masculina-social-azul-158499\/360631.jpg?w=500\" alt=\"Cal\u00e7a Masculina Social - Azul\" \/><br \/>\nCal\u00e7a Masculina Social &#8211; Azul Cal\u00e7a Masculina Social, Ricardo Almeida.A cal\u00e7a azul marinho\u00a0\u00e9 confeccionada em l\u00e3 batida. A pe\u00e7a possui cintura m\u00e9dia, c\u00f3s com cord\u00e3o embutido para ajuste, bolsos frontais de modelo faca, bolsos posteriores embutidos com fechamento por bot\u00e3o, barra com acabamento overlocado, comprimento longo, shape solto, caimento reto, acabamento pespontado e fechamento frontal por bot\u00e3o e z\u00edper.\u00a0&#8211; Modelagem regular, sugerimos o tamanho padr\u00e3o- Lavagem especializadaComposi\u00e7\u00e3o: 100% L\u00e3 \/ Forro: 90% Poli\u00e9ster 10% ElastanoCor: Azul MarinhoMarca:\u00a0Ricardo Almeida<\/p>\n<h4>Aproveite e pesquise o pre\u00e7o deste produto em dezenas de lojas dos marketplaces abaixo:<\/h4>\n<p><a href=\"https:\/\/www.magazinevoce.com.br\/magazineezu\/busca\/Cal\u00e7a Masculina Social - Azul\/\" target=\"_blank\" rel=\"noopener\"><img decoding=\"async\" src=\"https:\/\/mvc.mlcdn.com.br\/ad\/2503_superofertas.png\" alt=\"Pesquise no Magazine eZu\" \/> &#8211; da Parceria MAGALU<\/a>.<\/p>\n<hr \/>\n<p><script async src=\"https:\/\/pagead2.googlesyndication.com\/pagead\/js\/adsbygoogle.js?client=ca-pub-5987304558705355\" crossorigin=\"anonymous\"><\/script><br \/>\n<ins class=\"adsbygoogle\" style=\"display: block;\" data-ad-format=\"autorelaxed\" data-ad-client=\"ca-pub-5987304558705355\" data-ad-slot=\"6675008826\"><\/ins><br \/>\n<script>\n     (adsbygoogle = window.adsbygoogle || ).push();\n<\/script><\/p>\n<hr \/>\n<p>Ainda n\u00e3o encontrou a melhor op\u00e7\u00e3o de compra? Oferecemos outra possibilidade de <strong>busca<\/strong>, mais ampla, para <a href=\"https:\/\/ecompare.com.br\/lojas\/resultados-da-pesquisa\/?q=Cal\u00e7a Masculina Social - Azul#gsc.tab=0&amp;gsc.q=Cal\u00e7a Masculina Social - Azul&amp;gsc.page=1\" target=\"_top\" rel=\"noopener\">Cal\u00e7a Masculina Social &#8211; Azul, clique e continue <strong>pesquisando&#8230;<\/strong><\/a><\/p>\n<hr \/>\n<p>C\u00f3digo: 41813710495360631R$ 2559.002559.00117987R$ 104330<\/p>\n","protected":false},"excerpt":{"rendered":"<p>R$ 2559.00 nas lojas <a href=\"https:\/\/www.shop2gether.com.br\/calca-masculina-social-azul-158499&#038;utm_source=awin&#038;utm_medium=affiliate&#038;utm_id=&#038;utm_term=690303\" target=\"_blank\" rel=\"sponsored\">Shop2gether BR<\/a><\/p>\n","protected":false},"author":1,"featured_media":0,"comment_status":"closed","ping_status":"closed","sticky":false,"template":"","format":"standard","meta":{"fifu_image_url":"","fifu_image_alt":"","footnotes":""},"categories":[5],"tags":[113522],"class_list":["post-2177065","post","type-post","status-publish","format-standard","hentry","category-produtos","tag-shop2gether-br"],"_links":{"self":[{"href":"https:\/\/ecompare.com.br\/lojas\/wp-json\/wp\/v2\/posts\/2177065","targetHints":{"allow":["GET"]}}],"collection":[{"href":"https:\/\/ecompare.com.br\/lojas\/wp-json\/wp\/v2\/posts"}],"about":[{"href":"https:\/\/ecompare.com.br\/lojas\/wp-json\/wp\/v2\/types\/post"}],"author":[{"embeddable":true,"href":"https:\/\/ecompare.com.br\/lojas\/wp-json\/wp\/v2\/users\/1"}],"replies":[{"embeddable":true,"href":"https:\/\/ecompare.com.br\/lojas\/wp-json\/wp\/v2\/comments?post=2177065"}],"version-history":[{"count":0,"href":"https:\/\/ecompare.com.br\/lojas\/wp-json\/wp\/v2\/posts\/2177065\/revisions"}],"wp:attachment":[{"href":"https:\/\/ecompare.com.br\/lojas\/wp-json\/wp\/v2\/media?parent=2177065"}],"wp:term":[{"taxonomy":"category","embeddable":true,"href":"https:\/\/ecompare.com.br\/lojas\/wp-json\/wp\/v2\/categories?post=2177065"},{"taxonomy":"post_tag","embeddable":true,"href":"https:\/\/ecompare.com.br\/lojas\/wp-json\/wp\/v2\/tags?post=2177065"}],"curies":[{"name":"wp","href":"https:\/\/api.w.org\/{rel}","templated":true}]}}