{"id":2165647,"date":"2025-10-18T09:36:47","date_gmt":"2025-10-18T12:36:47","guid":{"rendered":"https:\/\/ecompare.com.br\/lojas\/2025\/10\/meia-infantil-cano-longo-selene-2010-001-502-marfim-41220949611\/"},"modified":"2025-10-18T09:36:47","modified_gmt":"2025-10-18T12:36:47","slug":"meia-infantil-cano-longo-selene-2010-001-502-marfim-41220949611","status":"publish","type":"post","link":"https:\/\/ecompare.com.br\/lojas\/2025\/10\/meia-infantil-cano-longo-selene-2010-001-502-marfim-41220949611\/","title":{"rendered":"Meia Infantil Cano Longo Selene 2010-001 502-Marfim &#8211; 41220949611"},"content":{"rendered":"<h2>Vestu\u00e1rio e acess\u00f3rios > Roupas<\/h2>\n<h3>O pre\u00e7o de Meia Infantil Cano Longo Selene 2010-001 502-Marfim no dia acima especificado era de <strong>R$ 10.9<\/strong>.<\/h3>\n<p>Confira o pre\u00e7o atual aqui: <a href=\"https:\/\/www.awin1.com\/pclick.php?p=41220949611&#038;a=690303&#038;m=17634\" target=\"_blank\" rel=\"noopener sponsored\"><img decoding=\"async\" src=\"https:\/\/ui.awin.com\/images\/upload\/merchant\/profile\/17634.png\" alt=\"Meia Infantil Cano Longo Selene 2010-001 502-Marfim\" \/> &#8211; nas lojas Posthaus _<\/a><\/p>\n<p><img decoding=\"async\" src=\"https:\/\/www.posthaus.com.br\/fotos\/mkp43\/acessorio-para-menino\/meia\/meia-infantil-cano-longo-selene-2010-001_2381489_600_1.jpg\" alt=\"Meia Infantil Cano Longo Selene 2010-001 502-Marfim\" \/><br \/>\nCaracter\u00edsticas: Meia infantil estampada Calcanhar verdadeiro, ajuste perfeito e maior conforto Punho el\u00e1stico macio Cano: M\u00e9dio Composi\u00e7\u00e3o: Na cor 500: 48% Algod\u00e3o,47% Poliamida, 03% Elastano e 02% Outra Fibra Na cor 501: 64% Algod\u00e3o, 32% Poliamida, 03% Elastano e 01% Outra Fibra Na cor 505: 60% Algod\u00e3o,36% Poliamida,03% Elastano e 01% Outra Fibra Nas cores 502 e 503: 54% Algod\u00e3o,42% Poliamida,03% Elastano e 01% Outra Fibra Nas cores 504 e 506: 52% Algod\u00e3o,43% Poliamida, 03% Elastano e 02% Outra Fibra<\/p>\n<h4>Aproveite e pesquise o pre\u00e7o deste produto em dezenas de lojas dos marketplaces abaixo:<\/h4>\n<p><a href=\"https:\/\/www.magazinevoce.com.br\/magazineezu\/busca\/Meia Infantil Cano Longo Selene 2010-001 502-Marfim\/\" target=\"_blank\" rel=\"noopener\"><img decoding=\"async\" src=\"https:\/\/mvc.mlcdn.com.br\/ad\/2503_superofertas.png\" alt=\"Pesquise no Magazine eZu\" \/> &#8211; da Parceria MAGALU<\/a>.<\/p>\n<hr \/>\n<p><script async src=\"https:\/\/pagead2.googlesyndication.com\/pagead\/js\/adsbygoogle.js?client=ca-pub-5987304558705355\" crossorigin=\"anonymous\"><\/script><br \/>\n<ins class=\"adsbygoogle\" style=\"display: block;\" data-ad-format=\"autorelaxed\" data-ad-client=\"ca-pub-5987304558705355\" data-ad-slot=\"6675008826\"><\/ins><br \/>\n<script>\n     (adsbygoogle = window.adsbygoogle || ).push();\n<\/script><\/p>\n<hr \/>\n<p>Ainda n\u00e3o encontrou a melhor op\u00e7\u00e3o de compra? Oferecemos outra possibilidade de <strong>busca<\/strong>, mais ampla, para <a href=\"https:\/\/ecompare.com.br\/lojas\/resultados-da-pesquisa\/?q=Meia Infantil Cano Longo Selene 2010-001 502-Marfim#gsc.tab=0&amp;gsc.q=Meia Infantil Cano Longo Selene 2010-001 502-Marfim&amp;gsc.page=1\" target=\"_top\" rel=\"noopener\">Meia Infantil Cano Longo Selene 2010-001 502-Marfim, clique e continue <strong>pesquisando&#8230;<\/strong><\/a><\/p>\n<hr \/>\n<p>C\u00f3digo: 412209496112381489R$ 10.910.917634R$ 79509<\/p>\n","protected":false},"excerpt":{"rendered":"<p>R$ 10.9 nas lojas <a href=\"https:\/\/www.posthaus.com.br\/meia-infantil-cano-longo-selene-2010-001-_art2381489&#038;utm_source=awin&#038;utm_medium=affiliate&#038;utm_id=&#038;utm_term=690303\" target=\"_blank\" rel=\"sponsored\">Posthaus BR<\/a><\/p>\n","protected":false},"author":1,"featured_media":0,"comment_status":"closed","ping_status":"closed","sticky":false,"template":"","format":"standard","meta":{"fifu_image_url":"","fifu_image_alt":"","footnotes":""},"categories":[5],"tags":[16],"class_list":["post-2165647","post","type-post","status-publish","format-standard","hentry","category-produtos","tag-posthaus-br"],"_links":{"self":[{"href":"https:\/\/ecompare.com.br\/lojas\/wp-json\/wp\/v2\/posts\/2165647","targetHints":{"allow":["GET"]}}],"collection":[{"href":"https:\/\/ecompare.com.br\/lojas\/wp-json\/wp\/v2\/posts"}],"about":[{"href":"https:\/\/ecompare.com.br\/lojas\/wp-json\/wp\/v2\/types\/post"}],"author":[{"embeddable":true,"href":"https:\/\/ecompare.com.br\/lojas\/wp-json\/wp\/v2\/users\/1"}],"replies":[{"embeddable":true,"href":"https:\/\/ecompare.com.br\/lojas\/wp-json\/wp\/v2\/comments?post=2165647"}],"version-history":[{"count":0,"href":"https:\/\/ecompare.com.br\/lojas\/wp-json\/wp\/v2\/posts\/2165647\/revisions"}],"wp:attachment":[{"href":"https:\/\/ecompare.com.br\/lojas\/wp-json\/wp\/v2\/media?parent=2165647"}],"wp:term":[{"taxonomy":"category","embeddable":true,"href":"https:\/\/ecompare.com.br\/lojas\/wp-json\/wp\/v2\/categories?post=2165647"},{"taxonomy":"post_tag","embeddable":true,"href":"https:\/\/ecompare.com.br\/lojas\/wp-json\/wp\/v2\/tags?post=2165647"}],"curies":[{"name":"wp","href":"https:\/\/api.w.org\/{rel}","templated":true}]}}