{"id":2133027,"date":"2025-10-12T23:40:13","date_gmt":"2025-10-13T02:40:13","guid":{"rendered":"https:\/\/ecompare.com.br\/lojas\/2025\/10\/jaqueta-masculina-corta-vento-estampada-preto-41813574550\/"},"modified":"2025-10-12T23:40:13","modified_gmt":"2025-10-13T02:40:13","slug":"jaqueta-masculina-corta-vento-estampada-preto-41813574550","status":"publish","type":"post","link":"https:\/\/ecompare.com.br\/lojas\/2025\/10\/jaqueta-masculina-corta-vento-estampada-preto-41813574550\/","title":{"rendered":"Jaqueta Masculina Corta Vento Estampada &#8211; Preto &#8211; 41813574550"},"content":{"rendered":"<h2><\/h2>\n<h3>O pre\u00e7o de Jaqueta Masculina Corta Vento Estampada &#8211; Preto no dia acima especificado era de <strong>R$ 215.90<\/strong>.<\/h3>\n<p>Confira o pre\u00e7o atual aqui: <a href=\"https:\/\/www.awin1.com\/pclick.php?p=41813574550&#038;a=690303&#038;m=117985\" target=\"_blank\" rel=\"noopener sponsored\"><img decoding=\"async\" src=\"https:\/\/ui.awin.com\/images\/upload\/merchant\/profile\/117985.png\" alt=\"Jaqueta Masculina Corta Vento Estampada - Preto\" \/> &#8211; nas lojas OQVESTIR _<\/a><\/p>\n<p><img decoding=\"async\" src=\"https:\/\/oqvestir.fbitsstatic.net\/img\/p\/jaqueta-masculina-corta-vento-estampada-preto-157858\/372648-10.jpg?w=500\" alt=\"Jaqueta Masculina Corta Vento Estampada - Preto\" \/><br \/>\nJaqueta Masculina Corta Vento Estampada &#8211; Preto Jaqueta Masculina Corta Vento Estampada, Basiq Men.A jaqueta preta\u00a0\u00e9 confeccionado em\u00a0tactel.\u00a0A pe\u00e7a\u00a0possui capuz aplicado com cord\u00e3o de amarra\u00e7\u00e3o embutido para ajuste, mangas longas com el\u00e1stico embutido no punho, bolsos frontais, el\u00e1stico embutido na barra, shape solto, caimento reto, acabamento pespontado e fechamento frontal por z\u00edper.Modelagem regular, sugerimos o tamanho padr\u00e3o.Composi\u00e7\u00e3o: 100% Poli\u00e9sterCor: PretoMarca:\u00a0Basiq Men<\/p>\n<h4>Aproveite e pesquise o pre\u00e7o deste produto em dezenas de lojas dos marketplaces abaixo:<\/h4>\n<p><a href=\"https:\/\/www.magazinevoce.com.br\/magazineezu\/busca\/Jaqueta Masculina Corta Vento Estampada - Preto\/\" target=\"_blank\" rel=\"noopener\"><img decoding=\"async\" src=\"https:\/\/mvc.mlcdn.com.br\/ad\/2503_superofertas.png\" alt=\"Pesquise no Magazine eZu\" \/> &#8211; da Parceria MAGALU<\/a>.<\/p>\n<hr \/>\n<p><script async src=\"https:\/\/pagead2.googlesyndication.com\/pagead\/js\/adsbygoogle.js?client=ca-pub-5987304558705355\" crossorigin=\"anonymous\"><\/script><br \/>\n<ins class=\"adsbygoogle\" style=\"display: block;\" data-ad-format=\"autorelaxed\" data-ad-client=\"ca-pub-5987304558705355\" data-ad-slot=\"6675008826\"><\/ins><br \/>\n<script>\n     (adsbygoogle = window.adsbygoogle || ).push();\n<\/script><\/p>\n<hr \/>\n<p>Ainda n\u00e3o encontrou a melhor op\u00e7\u00e3o de compra? Oferecemos outra possibilidade de <strong>busca<\/strong>, mais ampla, para <a href=\"https:\/\/ecompare.com.br\/lojas\/resultados-da-pesquisa\/?q=Jaqueta Masculina Corta Vento Estampada - Preto#gsc.tab=0&amp;gsc.q=Jaqueta Masculina Corta Vento Estampada - Preto&amp;gsc.page=1\" target=\"_top\" rel=\"noopener\">Jaqueta Masculina Corta Vento Estampada &#8211; Preto, clique e continue <strong>pesquisando&#8230;<\/strong><\/a><\/p>\n<hr \/>\n<p>C\u00f3digo: 41813574550372649R$ 215.90215.90117985R$ 104329<\/p>\n","protected":false},"excerpt":{"rendered":"<p>R$ 215.90 nas lojas <a href=\"https:\/\/www.oqvestir.com.br\/jaqueta-masculina-corta-vento-estampada-preto-157858&#038;utm_source=awin&#038;utm_medium=affiliate&#038;utm_id=&#038;utm_term=690303\" target=\"_blank\" rel=\"sponsored\">OQVESTIR BR<\/a><\/p>\n","protected":false},"author":1,"featured_media":0,"comment_status":"closed","ping_status":"closed","sticky":false,"template":"","format":"standard","meta":{"fifu_image_url":"","fifu_image_alt":"","footnotes":""},"categories":[5],"tags":[113516],"class_list":["post-2133027","post","type-post","status-publish","format-standard","hentry","category-produtos","tag-oqvestir-br"],"_links":{"self":[{"href":"https:\/\/ecompare.com.br\/lojas\/wp-json\/wp\/v2\/posts\/2133027","targetHints":{"allow":["GET"]}}],"collection":[{"href":"https:\/\/ecompare.com.br\/lojas\/wp-json\/wp\/v2\/posts"}],"about":[{"href":"https:\/\/ecompare.com.br\/lojas\/wp-json\/wp\/v2\/types\/post"}],"author":[{"embeddable":true,"href":"https:\/\/ecompare.com.br\/lojas\/wp-json\/wp\/v2\/users\/1"}],"replies":[{"embeddable":true,"href":"https:\/\/ecompare.com.br\/lojas\/wp-json\/wp\/v2\/comments?post=2133027"}],"version-history":[{"count":0,"href":"https:\/\/ecompare.com.br\/lojas\/wp-json\/wp\/v2\/posts\/2133027\/revisions"}],"wp:attachment":[{"href":"https:\/\/ecompare.com.br\/lojas\/wp-json\/wp\/v2\/media?parent=2133027"}],"wp:term":[{"taxonomy":"category","embeddable":true,"href":"https:\/\/ecompare.com.br\/lojas\/wp-json\/wp\/v2\/categories?post=2133027"},{"taxonomy":"post_tag","embeddable":true,"href":"https:\/\/ecompare.com.br\/lojas\/wp-json\/wp\/v2\/tags?post=2133027"}],"curies":[{"name":"wp","href":"https:\/\/api.w.org\/{rel}","templated":true}]}}