{"id":2129034,"date":"2025-10-15T17:29:11","date_gmt":"2025-10-15T20:29:11","guid":{"rendered":"https:\/\/ecompare.com.br\/lojas\/2025\/10\/cadeira-dobravel-camping-madeira-e-preta-37121461358\/"},"modified":"2025-10-15T17:29:11","modified_gmt":"2025-10-15T20:29:11","slug":"cadeira-dobravel-camping-madeira-e-preta-37121461358","status":"publish","type":"post","link":"https:\/\/ecompare.com.br\/lojas\/2025\/10\/cadeira-dobravel-camping-madeira-e-preta-37121461358\/","title":{"rendered":"Cadeira Dobr\u00e1vel Camping Madeira E Preta &#8211; 37121461358"},"content":{"rendered":"<h2><\/h2>\n<h3>O pre\u00e7o de Cadeira Dobr\u00e1vel Camping Madeira E Preta no dia acima especificado era de <strong>R$ 96.86<\/strong>.<\/h3>\n<p>Confira o pre\u00e7o atual aqui: <a href=\"https:\/\/www.awin1.com\/pclick.php?p=37121461358&#038;a=690303&#038;m=17777\" target=\"_blank\" rel=\"noopener sponsored\"><img decoding=\"async\" src=\"https:\/\/ui.awin.com\/images\/upload\/merchant\/profile\/17777.png\" alt=\"Cadeira Dobr\u00e1vel Camping Madeira E Preta\" \/> &#8211; nas lojas  Mobly _<\/a><\/p>\n<p><img decoding=\"async\" src=\"https:\/\/static.mobly.com.br\/p\/1-0001-5177021-1-zoom.jpg\" alt=\"Cadeira Dobr\u00e1vel Camping Madeira E Preta\" \/><br \/>\nQue tal a Cadeira Dobr\u00e1vel Camping?Desfrute de \u00f3tima comodidade onde quer que a aventura te leve com a vers\u00e1til Cadeira Camping! Feita para proporcionar uma experi\u00eancia aconchegante ao ar livre, ela n\u00e3o s\u00f3 tem estrutura resistente, gra\u00e7as \u00e0 madeira maci\u00e7a, como tamb\u00e9m \u00e9 superfuncional, j\u00e1 que pode ser dobrada para facilitar o transporte e o armazenamento de forma compacta. Com design despojado, a combina\u00e7\u00e3o da cor do tecido no assento com o madeirado das pernas agrega beleza ao ambiente, seja na varanda, jardim ou em meio \u00e0 natureza junto das melhores companhias. Perfeita para relaxar e recarregar as energias durante um dia de sol, n\u00e9? \ud83d\ude09<\/p>\n<h4>Aproveite e pesquise o pre\u00e7o deste produto em dezenas de lojas dos marketplaces abaixo:<\/h4>\n<p><a href=\"https:\/\/www.magazinevoce.com.br\/magazineezu\/busca\/Cadeira Dobr\u00e1vel Camping Madeira E Preta\/\" target=\"_blank\" rel=\"noopener\"><img decoding=\"async\" src=\"https:\/\/mvc.mlcdn.com.br\/ad\/2503_superofertas.png\" alt=\"Pesquise no Magazine eZu\" \/> &#8211; da Parceria MAGALU<\/a>.<\/p>\n<hr \/>\n<p><script async src=\"https:\/\/pagead2.googlesyndication.com\/pagead\/js\/adsbygoogle.js?client=ca-pub-5987304558705355\" crossorigin=\"anonymous\"><\/script><br \/>\n<ins class=\"adsbygoogle\" style=\"display: block;\" data-ad-format=\"autorelaxed\" data-ad-client=\"ca-pub-5987304558705355\" data-ad-slot=\"6675008826\"><\/ins><br \/>\n<script>\n     (adsbygoogle = window.adsbygoogle || ).push();\n<\/script><\/p>\n<hr \/>\n<p>Ainda n\u00e3o encontrou a melhor op\u00e7\u00e3o de compra? Oferecemos outra possibilidade de <strong>busca<\/strong>, mais ampla, para <a href=\"https:\/\/ecompare.com.br\/lojas\/resultados-da-pesquisa\/?q=Cadeira Dobr\u00e1vel Camping Madeira E Preta#gsc.tab=0&amp;gsc.q=Cadeira Dobr\u00e1vel Camping Madeira E Preta&amp;gsc.page=1\" target=\"_top\" rel=\"noopener\">Cadeira Dobr\u00e1vel Camping Madeira E Preta, clique e continue <strong>pesquisando&#8230;<\/strong><\/a><\/p>\n<hr \/>\n<p>C\u00f3digo: 37121461358PLA-MO895CH84SOPMO_$ 96.8696.8617777R$ 46219<\/p>\n","protected":false},"excerpt":{"rendered":"<p>R$ 96.86 nas lojas <a href=\"https:\/\/www.mobly.com.br\/cadeira-dobravel-camping-madeira-e-preta-1207715.html?spall_source=especiais&#038;utm_source=awin&#038;utm_medium=affiliate&#038;utm_id=&#038;utm_term=690303\" target=\"_blank\" rel=\"sponsored\">Mobly BR<\/a><\/p>\n","protected":false},"author":1,"featured_media":0,"comment_status":"closed","ping_status":"closed","sticky":false,"template":"","format":"standard","meta":{"fifu_image_url":"","fifu_image_alt":"","footnotes":""},"categories":[5],"tags":[70],"class_list":["post-2129034","post","type-post","status-publish","format-standard","hentry","category-produtos","tag-mobly-br"],"_links":{"self":[{"href":"https:\/\/ecompare.com.br\/lojas\/wp-json\/wp\/v2\/posts\/2129034","targetHints":{"allow":["GET"]}}],"collection":[{"href":"https:\/\/ecompare.com.br\/lojas\/wp-json\/wp\/v2\/posts"}],"about":[{"href":"https:\/\/ecompare.com.br\/lojas\/wp-json\/wp\/v2\/types\/post"}],"author":[{"embeddable":true,"href":"https:\/\/ecompare.com.br\/lojas\/wp-json\/wp\/v2\/users\/1"}],"replies":[{"embeddable":true,"href":"https:\/\/ecompare.com.br\/lojas\/wp-json\/wp\/v2\/comments?post=2129034"}],"version-history":[{"count":0,"href":"https:\/\/ecompare.com.br\/lojas\/wp-json\/wp\/v2\/posts\/2129034\/revisions"}],"wp:attachment":[{"href":"https:\/\/ecompare.com.br\/lojas\/wp-json\/wp\/v2\/media?parent=2129034"}],"wp:term":[{"taxonomy":"category","embeddable":true,"href":"https:\/\/ecompare.com.br\/lojas\/wp-json\/wp\/v2\/categories?post=2129034"},{"taxonomy":"post_tag","embeddable":true,"href":"https:\/\/ecompare.com.br\/lojas\/wp-json\/wp\/v2\/tags?post=2129034"}],"curies":[{"name":"wp","href":"https:\/\/api.w.org\/{rel}","templated":true}]}}