{"id":2128942,"date":"2025-10-15T15:52:35","date_gmt":"2025-10-15T18:52:35","guid":{"rendered":"https:\/\/ecompare.com.br\/lojas\/2025\/10\/conjunto-com-4-cadeiras-jade-linho-cinza-e-freijo-42798776549\/"},"modified":"2025-10-15T15:52:35","modified_gmt":"2025-10-15T18:52:35","slug":"conjunto-com-4-cadeiras-jade-linho-cinza-e-freijo-42798776549","status":"publish","type":"post","link":"https:\/\/ecompare.com.br\/lojas\/2025\/10\/conjunto-com-4-cadeiras-jade-linho-cinza-e-freijo-42798776549\/","title":{"rendered":"Conjunto Com 4 Cadeiras Jade Linho Cinza E Freij\u00f3 &#8211; 42798776549"},"content":{"rendered":"<h2><\/h2>\n<h3>O pre\u00e7o de Conjunto Com 4 Cadeiras Jade Linho Cinza E Freij\u00f3 no dia acima especificado era de <strong>R$ 989.26<\/strong>.<\/h3>\n<p>Confira o pre\u00e7o atual aqui: <a href=\"https:\/\/www.awin1.com\/pclick.php?p=42798776549&#038;a=690303&#038;m=17777\" target=\"_blank\" rel=\"noopener sponsored\"><img decoding=\"async\" src=\"https:\/\/ui.awin.com\/images\/upload\/merchant\/profile\/17777.png\" alt=\"Conjunto Com 4 Cadeiras Jade Linho Cinza E Freij\u00f3\" \/> &#8211; nas lojas  Mobly _<\/a><\/p>\n<p><img decoding=\"async\" src=\"https:\/\/static.mobly.com.br\/p\/1-0001-9260071-1-zoom.jpg\" alt=\"Conjunto Com 4 Cadeiras Jade Linho Cinza E Freij\u00f3\" \/><br \/>\nQue tal o Conjunto de Cadeiras Jade? As cadeiras que comp\u00f5em o Conjunto Jade deixar\u00e3o sua sala de estar confort\u00e1vel e acolhedora. Contando com assento e encosto com enchimento em espuma, ela favorece os momentos das refei\u00e7\u00f5es e deixa todo mundo mais \u00e0 vontade para desfrutar boas receitas &#8211; e, claro, estender o momento com bons papos. Enquanto isso, a tonalidade atemporal e o acabamento amadeirado contribuem para sua decora\u00e7\u00e3o dos sonhos e deixam o ambiente com aquele toque elegante. Da\u00ed \u00e9 s\u00f3 comprar uma boa mesa e aproveitar seu cantinho dos sonhos \ud83d\ude42<\/p>\n<h4>Aproveite e pesquise o pre\u00e7o deste produto em dezenas de lojas dos marketplaces abaixo:<\/h4>\n<p><a href=\"https:\/\/www.magazinevoce.com.br\/magazineezu\/busca\/Conjunto Com 4 Cadeiras Jade Linho Cinza E Freij\u00f3\/\" target=\"_blank\" rel=\"noopener\"><img decoding=\"async\" src=\"https:\/\/mvc.mlcdn.com.br\/ad\/2503_superofertas.png\" alt=\"Pesquise no Magazine eZu\" \/> &#8211; da Parceria MAGALU<\/a>.<\/p>\n<hr \/>\n<p><script async src=\"https:\/\/pagead2.googlesyndication.com\/pagead\/js\/adsbygoogle.js?client=ca-pub-5987304558705355\" crossorigin=\"anonymous\"><\/script><br \/>\n<ins class=\"adsbygoogle\" style=\"display: block;\" data-ad-format=\"autorelaxed\" data-ad-client=\"ca-pub-5987304558705355\" data-ad-slot=\"6675008826\"><\/ins><br \/>\n<script>\n     (adsbygoogle = window.adsbygoogle || ).push();\n<\/script><\/p>\n<hr \/>\n<p>Ainda n\u00e3o encontrou a melhor op\u00e7\u00e3o de compra? Oferecemos outra possibilidade de <strong>busca<\/strong>, mais ampla, para <a href=\"https:\/\/ecompare.com.br\/lojas\/resultados-da-pesquisa\/?q=Conjunto Com 4 Cadeiras Jade Linho Cinza E Freij\u00f3#gsc.tab=0&amp;gsc.q=Conjunto Com 4 Cadeiras Jade Linho Cinza E Freij\u00f3&amp;gsc.page=1\" target=\"_top\" rel=\"noopener\">Conjunto Com 4 Cadeiras Jade Linho Cinza E Freij\u00f3, clique e continue <strong>pesquisando&#8230;<\/strong><\/a><\/p>\n<hr \/>\n<p>C\u00f3digo: 42798776549PLA-MO895CH70TSVMO_$ 989.26989.2617777R$ 46219<\/p>\n","protected":false},"excerpt":{"rendered":"<p>R$ 989.26 nas lojas <a href=\"https:\/\/www.mobly.com.br\/conjunto-com-4-cadeiras-jade-linho-cinza-e-freijo-1700629.html?spall_source=especiais&#038;utm_source=awin&#038;utm_medium=affiliate&#038;utm_id=&#038;utm_term=690303\" target=\"_blank\" rel=\"sponsored\">Mobly BR<\/a><\/p>\n","protected":false},"author":1,"featured_media":0,"comment_status":"closed","ping_status":"closed","sticky":false,"template":"","format":"standard","meta":{"fifu_image_url":"","fifu_image_alt":"","footnotes":""},"categories":[5],"tags":[70],"class_list":["post-2128942","post","type-post","status-publish","format-standard","hentry","category-produtos","tag-mobly-br"],"_links":{"self":[{"href":"https:\/\/ecompare.com.br\/lojas\/wp-json\/wp\/v2\/posts\/2128942","targetHints":{"allow":["GET"]}}],"collection":[{"href":"https:\/\/ecompare.com.br\/lojas\/wp-json\/wp\/v2\/posts"}],"about":[{"href":"https:\/\/ecompare.com.br\/lojas\/wp-json\/wp\/v2\/types\/post"}],"author":[{"embeddable":true,"href":"https:\/\/ecompare.com.br\/lojas\/wp-json\/wp\/v2\/users\/1"}],"replies":[{"embeddable":true,"href":"https:\/\/ecompare.com.br\/lojas\/wp-json\/wp\/v2\/comments?post=2128942"}],"version-history":[{"count":0,"href":"https:\/\/ecompare.com.br\/lojas\/wp-json\/wp\/v2\/posts\/2128942\/revisions"}],"wp:attachment":[{"href":"https:\/\/ecompare.com.br\/lojas\/wp-json\/wp\/v2\/media?parent=2128942"}],"wp:term":[{"taxonomy":"category","embeddable":true,"href":"https:\/\/ecompare.com.br\/lojas\/wp-json\/wp\/v2\/categories?post=2128942"},{"taxonomy":"post_tag","embeddable":true,"href":"https:\/\/ecompare.com.br\/lojas\/wp-json\/wp\/v2\/tags?post=2128942"}],"curies":[{"name":"wp","href":"https:\/\/api.w.org\/{rel}","templated":true}]}}