{"id":2128835,"date":"2025-10-16T00:24:40","date_gmt":"2025-10-16T03:24:40","guid":{"rendered":"https:\/\/ecompare.com.br\/lojas\/2025\/10\/conjunto-com-2-cadeiras-dalas-poliester-florido-e-branco-39861318992\/"},"modified":"2025-10-16T00:24:40","modified_gmt":"2025-10-16T03:24:40","slug":"conjunto-com-2-cadeiras-dalas-poliester-florido-e-branco-39861318992","status":"publish","type":"post","link":"https:\/\/ecompare.com.br\/lojas\/2025\/10\/conjunto-com-2-cadeiras-dalas-poliester-florido-e-branco-39861318992\/","title":{"rendered":"Conjunto Com 2 Cadeiras Dalas Poli\u00e9ster Florido E Branco &#8211; 39861318992"},"content":{"rendered":"<h2><\/h2>\n<h3>O pre\u00e7o de Conjunto Com 2 Cadeiras Dalas Poli\u00e9ster Florido E Branco no dia acima especificado era de <strong>R$ 640.19<\/strong>.<\/h3>\n<p>Confira o pre\u00e7o atual aqui: <a href=\"https:\/\/www.awin1.com\/pclick.php?p=39861318992&#038;a=690303&#038;m=17777\" target=\"_blank\" rel=\"noopener sponsored\"><img decoding=\"async\" src=\"https:\/\/ui.awin.com\/images\/upload\/merchant\/profile\/17777.png\" alt=\"Conjunto Com 2 Cadeiras Dalas Poli\u00e9ster Florido E Branco\" \/> &#8211; nas lojas  Mobly _<\/a><\/p>\n<p><img decoding=\"async\" src=\"https:\/\/static.mobly.com.br\/p\/1-0001-9320631-1-zoom.jpg\" alt=\"Conjunto Com 2 Cadeiras Dalas Poli\u00e9ster Florido E Branco\" \/><br \/>\nQue tal o Conjunto com 2 Cadeiras Dalas? Transformar a cozinha ou sala de jantar em um espa\u00e7o de receptividade plena \u00e9 simples, basta contar com o Conjunto de Cadeiras Dalas. Estruturadas em madeira eucalipto, as pe\u00e7as t\u00eam resist\u00eancia e estabilidade ideais para o uso cont\u00ednuo &#8211; j\u00e1 o enchimento em espuma e o revestimento macio s\u00e3o respons\u00e1veis pelo conforto na hora de desfrutar bons pratos. De visual cl\u00e1ssico e atemporal, elas n\u00e3o s\u00f3 d\u00e3o um ar elegante ao c\u00f4modo, mas tamb\u00e9m s\u00e3o f\u00e1ceis de combinar com sua mesa dos sonhos. Agora, voc\u00ea vai at\u00e9 aproveitar mais aquelas receitas deliciosas no seu cantinho \ud83d\ude42<\/p>\n<h4>Aproveite e pesquise o pre\u00e7o deste produto em dezenas de lojas dos marketplaces abaixo:<\/h4>\n<p><a href=\"https:\/\/www.magazinevoce.com.br\/magazineezu\/busca\/Conjunto Com 2 Cadeiras Dalas Poli\u00e9ster Florido E Branco\/\" target=\"_blank\" rel=\"noopener\"><img decoding=\"async\" src=\"https:\/\/mvc.mlcdn.com.br\/ad\/2503_superofertas.png\" alt=\"Pesquise no Magazine eZu\" \/> &#8211; da Parceria MAGALU<\/a>.<\/p>\n<hr \/>\n<p><script async src=\"https:\/\/pagead2.googlesyndication.com\/pagead\/js\/adsbygoogle.js?client=ca-pub-5987304558705355\" crossorigin=\"anonymous\"><\/script><br \/>\n<ins class=\"adsbygoogle\" style=\"display: block;\" data-ad-format=\"autorelaxed\" data-ad-client=\"ca-pub-5987304558705355\" data-ad-slot=\"6675008826\"><\/ins><br \/>\n<script>\n     (adsbygoogle = window.adsbygoogle || ).push();\n<\/script><\/p>\n<hr \/>\n<p>Ainda n\u00e3o encontrou a melhor op\u00e7\u00e3o de compra? Oferecemos outra possibilidade de <strong>busca<\/strong>, mais ampla, para <a href=\"https:\/\/ecompare.com.br\/lojas\/resultados-da-pesquisa\/?q=Conjunto Com 2 Cadeiras Dalas Poli\u00e9ster Florido E Branco#gsc.tab=0&amp;gsc.q=Conjunto Com 2 Cadeiras Dalas Poli\u00e9ster Florido E Branco&amp;gsc.page=1\" target=\"_top\" rel=\"noopener\">Conjunto Com 2 Cadeiras Dalas Poli\u00e9ster Florido E Branco, clique e continue <strong>pesquisando&#8230;<\/strong><\/a><\/p>\n<hr \/>\n<p>C\u00f3digo: 39861318992PLA-MO895CH60KEXMO_$ 640.19640.1917777R$ 46219<\/p>\n","protected":false},"excerpt":{"rendered":"<p>R$ 640.19 nas lojas <a href=\"https:\/\/www.mobly.com.br\/conjunto-com-2-cadeiras-dalas-poliester-florido-e-branco-1360239.html?spall_source=especiais&#038;utm_source=awin&#038;utm_medium=affiliate&#038;utm_id=&#038;utm_term=690303\" target=\"_blank\" rel=\"sponsored\">Mobly BR<\/a><\/p>\n","protected":false},"author":1,"featured_media":0,"comment_status":"closed","ping_status":"closed","sticky":false,"template":"","format":"standard","meta":{"fifu_image_url":"","fifu_image_alt":"","footnotes":""},"categories":[5],"tags":[70],"class_list":["post-2128835","post","type-post","status-publish","format-standard","hentry","category-produtos","tag-mobly-br"],"_links":{"self":[{"href":"https:\/\/ecompare.com.br\/lojas\/wp-json\/wp\/v2\/posts\/2128835","targetHints":{"allow":["GET"]}}],"collection":[{"href":"https:\/\/ecompare.com.br\/lojas\/wp-json\/wp\/v2\/posts"}],"about":[{"href":"https:\/\/ecompare.com.br\/lojas\/wp-json\/wp\/v2\/types\/post"}],"author":[{"embeddable":true,"href":"https:\/\/ecompare.com.br\/lojas\/wp-json\/wp\/v2\/users\/1"}],"replies":[{"embeddable":true,"href":"https:\/\/ecompare.com.br\/lojas\/wp-json\/wp\/v2\/comments?post=2128835"}],"version-history":[{"count":0,"href":"https:\/\/ecompare.com.br\/lojas\/wp-json\/wp\/v2\/posts\/2128835\/revisions"}],"wp:attachment":[{"href":"https:\/\/ecompare.com.br\/lojas\/wp-json\/wp\/v2\/media?parent=2128835"}],"wp:term":[{"taxonomy":"category","embeddable":true,"href":"https:\/\/ecompare.com.br\/lojas\/wp-json\/wp\/v2\/categories?post=2128835"},{"taxonomy":"post_tag","embeddable":true,"href":"https:\/\/ecompare.com.br\/lojas\/wp-json\/wp\/v2\/tags?post=2128835"}],"curies":[{"name":"wp","href":"https:\/\/api.w.org\/{rel}","templated":true}]}}