{"id":2128506,"date":"2025-10-15T03:19:34","date_gmt":"2025-10-15T06:19:34","guid":{"rendered":"https:\/\/ecompare.com.br\/lojas\/2025\/10\/conjunto-de-cabeceira-casal-com-2-mesas-de-apoio-duna-2-gv-mel-e-fendi-37605156233\/"},"modified":"2025-10-15T03:19:34","modified_gmt":"2025-10-15T06:19:34","slug":"conjunto-de-cabeceira-casal-com-2-mesas-de-apoio-duna-2-gv-mel-e-fendi-37605156233","status":"publish","type":"post","link":"https:\/\/ecompare.com.br\/lojas\/2025\/10\/conjunto-de-cabeceira-casal-com-2-mesas-de-apoio-duna-2-gv-mel-e-fendi-37605156233\/","title":{"rendered":"Conjunto De Cabeceira Casal Com 2 Mesas De Apoio Duna 2 Gv Mel E Fendi &#8211; 37605156233"},"content":{"rendered":"<h2><\/h2>\n<h3>O pre\u00e7o de Conjunto De Cabeceira Casal Com 2 Mesas De Apoio Duna 2 Gv Mel E Fendi no dia acima especificado era de <strong>R$ 685.68<\/strong>.<\/h3>\n<p>Confira o pre\u00e7o atual aqui: <a href=\"https:\/\/www.awin1.com\/pclick.php?p=37605156233&#038;a=690303&#038;m=17777\" target=\"_blank\" rel=\"noopener sponsored\"><img decoding=\"async\" src=\"https:\/\/ui.awin.com\/images\/upload\/merchant\/profile\/17777.png\" alt=\"Conjunto De Cabeceira Casal Com 2 Mesas De Apoio Duna 2 Gv Mel E Fendi\" \/> &#8211; nas lojas  Mobly _<\/a><\/p>\n<p><img decoding=\"async\" src=\"https:\/\/static.mobly.com.br\/p\/1-0001-2535321-1-zoom.jpg\" alt=\"Conjunto De Cabeceira Casal Com 2 Mesas De Apoio Duna 2 Gv Mel E Fendi\" \/><br \/>\nQue tal o Conjunto de Cabeceira com Mesa de Apoio Duna?Camas box s\u00e3o super vers\u00e1teis e facilmente adapt\u00e1veis a diferentes tipos de quartos, mas muitas vezes o espa\u00e7o pode parecer incompleto. Para evitar isso, aposte em um kit super funcional que vai te ajudar a acrescentar um toque de beleza ao c\u00f4modo: o Conjunto Duna. Composto por uma cabeceira de design muito charmoso que vai acompanhar momentos de leitura ou conversa no fim do dia, as duas mesas de cabeceira s\u00e3o tamb\u00e9m perfeitas para guardar itens que voc\u00ea precisa ter sempre \u00e0 m\u00e3o, como rel\u00f3gios despertadores, livros e abajures. De quebra, as pe\u00e7as ainda t\u00eam um visual encantador, que ajudam a deixar o seu espa\u00e7o pessoal ainda mais relaxante e com a sua cara.<\/p>\n<h4>Aproveite e pesquise o pre\u00e7o deste produto em dezenas de lojas dos marketplaces abaixo:<\/h4>\n<p><a href=\"https:\/\/www.magazinevoce.com.br\/magazineezu\/busca\/Conjunto De Cabeceira Casal Com 2 Mesas De Apoio Duna 2 Gv Mel E Fendi\/\" target=\"_blank\" rel=\"noopener\"><img decoding=\"async\" src=\"https:\/\/mvc.mlcdn.com.br\/ad\/2503_superofertas.png\" alt=\"Pesquise no Magazine eZu\" \/> &#8211; da Parceria MAGALU<\/a>.<\/p>\n<hr \/>\n<p><script async src=\"https:\/\/pagead2.googlesyndication.com\/pagead\/js\/adsbygoogle.js?client=ca-pub-5987304558705355\" crossorigin=\"anonymous\"><\/script><br \/>\n<ins class=\"adsbygoogle\" style=\"display: block;\" data-ad-format=\"autorelaxed\" data-ad-client=\"ca-pub-5987304558705355\" data-ad-slot=\"6675008826\"><\/ins><br \/>\n<script>\n     (adsbygoogle = window.adsbygoogle || ).push();\n<\/script><\/p>\n<hr \/>\n<p>Ainda n\u00e3o encontrou a melhor op\u00e7\u00e3o de compra? Oferecemos outra possibilidade de <strong>busca<\/strong>, mais ampla, para <a href=\"https:\/\/ecompare.com.br\/lojas\/resultados-da-pesquisa\/?q=Conjunto De Cabeceira Casal Com 2 Mesas De Apoio Duna 2 Gv Mel E Fendi#gsc.tab=0&amp;gsc.q=Conjunto De Cabeceira Casal Com 2 Mesas De Apoio Duna 2 Gv Mel E Fendi&amp;gsc.page=1\" target=\"_top\" rel=\"noopener\">Conjunto De Cabeceira Casal Com 2 Mesas De Apoio Duna 2 Gv Mel E Fendi, clique e continue <strong>pesquisando&#8230;<\/strong><\/a><\/p>\n<hr \/>\n<p>C\u00f3digo: 37605156233PLA-MO895BE47HLOMO_$ 685.68685.6817777R$ 46219<\/p>\n","protected":false},"excerpt":{"rendered":"<p>R$ 685.68 nas lojas <a href=\"https:\/\/www.mobly.com.br\/conjunto-de-cabeceira-casal-com-2-mesas-de-apoio-duna-2-gv-mel-e-fendi-1235352.html?spall_source=especiais&#038;utm_source=awin&#038;utm_medium=affiliate&#038;utm_id=&#038;utm_term=690303\" target=\"_blank\" rel=\"sponsored\">Mobly BR<\/a><\/p>\n","protected":false},"author":1,"featured_media":0,"comment_status":"closed","ping_status":"closed","sticky":false,"template":"","format":"standard","meta":{"fifu_image_url":"","fifu_image_alt":"","footnotes":""},"categories":[5],"tags":[70],"class_list":["post-2128506","post","type-post","status-publish","format-standard","hentry","category-produtos","tag-mobly-br"],"_links":{"self":[{"href":"https:\/\/ecompare.com.br\/lojas\/wp-json\/wp\/v2\/posts\/2128506","targetHints":{"allow":["GET"]}}],"collection":[{"href":"https:\/\/ecompare.com.br\/lojas\/wp-json\/wp\/v2\/posts"}],"about":[{"href":"https:\/\/ecompare.com.br\/lojas\/wp-json\/wp\/v2\/types\/post"}],"author":[{"embeddable":true,"href":"https:\/\/ecompare.com.br\/lojas\/wp-json\/wp\/v2\/users\/1"}],"replies":[{"embeddable":true,"href":"https:\/\/ecompare.com.br\/lojas\/wp-json\/wp\/v2\/comments?post=2128506"}],"version-history":[{"count":0,"href":"https:\/\/ecompare.com.br\/lojas\/wp-json\/wp\/v2\/posts\/2128506\/revisions"}],"wp:attachment":[{"href":"https:\/\/ecompare.com.br\/lojas\/wp-json\/wp\/v2\/media?parent=2128506"}],"wp:term":[{"taxonomy":"category","embeddable":true,"href":"https:\/\/ecompare.com.br\/lojas\/wp-json\/wp\/v2\/categories?post=2128506"},{"taxonomy":"post_tag","embeddable":true,"href":"https:\/\/ecompare.com.br\/lojas\/wp-json\/wp\/v2\/tags?post=2128506"}],"curies":[{"name":"wp","href":"https:\/\/api.w.org\/{rel}","templated":true}]}}