{"id":2127225,"date":"2025-10-04T07:17:07","date_gmt":"2025-10-04T10:17:07","guid":{"rendered":"https:\/\/ecompare.com.br\/lojas\/2025\/10\/guarda-roupa-closet-industrial-mital-2-gavetas-preto-e-dourado-89-cm-35784371758\/"},"modified":"2025-10-04T07:17:07","modified_gmt":"2025-10-04T10:17:07","slug":"guarda-roupa-closet-industrial-mital-2-gavetas-preto-e-dourado-89-cm-35784371758","status":"publish","type":"post","link":"https:\/\/ecompare.com.br\/lojas\/2025\/10\/guarda-roupa-closet-industrial-mital-2-gavetas-preto-e-dourado-89-cm-35784371758\/","title":{"rendered":"Guarda-roupa Closet Industrial Mital 2 Gavetas Preto E Dourado 89 Cm &#8211; 35784371758"},"content":{"rendered":"<h2><\/h2>\n<h3>O pre\u00e7o de Guarda-roupa Closet Industrial Mital 2 Gavetas Preto E Dourado 89 Cm no dia acima especificado era de <strong>R$ 984.51<\/strong>.<\/h3>\n<p>Confira o pre\u00e7o atual aqui: <a href=\"https:\/\/www.awin1.com\/pclick.php?p=35784371758&#038;a=690303&#038;m=17777\" target=\"_blank\" rel=\"noopener sponsored\"><img decoding=\"async\" src=\"https:\/\/ui.awin.com\/images\/upload\/merchant\/profile\/17777.png\" alt=\"Guarda-roupa Closet Industrial Mital 2 Gavetas Preto E Dourado 89 Cm\" \/> &#8211; nas lojas  Mobly _<\/a><\/p>\n<p><img decoding=\"async\" src=\"https:\/\/static.mobly.com.br\/p\/1-0001-3142111-1-zoom.jpg\" alt=\"Guarda-roupa Closet Industrial Mital 2 Gavetas Preto E Dourado 89 Cm\" \/><br \/>\nQue tal o Guarda-Roupa Closet Mital? Nada como um closet montado de acordo com nossas necessidades, n\u00e9? Com o Guarda-Roupa Mital, voc\u00ea pode adquirir os m\u00f3dulos que precisar para montar sua organiza\u00e7\u00e3o ideal &#8211; este aqui, por exemplo, tem 2 gavetas e prateleiras para acomodar itens dobr\u00e1veis ou acess\u00f3rios. Moderno e flertando com o estilo industrial, ele tem estrutura em metal dourado que, unida \u00e0 cor s\u00f3bria, torna simples ambient\u00e1-lo no quarto ou naquele c\u00f4modo reservado para suas pe\u00e7as. Ah, ele tamb\u00e9m pode ser usado como estante em outros ambientes da casa \ud83d\ude42<\/p>\n<h4>Aproveite e pesquise o pre\u00e7o deste produto em dezenas de lojas dos marketplaces abaixo:<\/h4>\n<p><a href=\"https:\/\/www.magazinevoce.com.br\/magazineezu\/busca\/Guarda-roupa Closet Industrial Mital 2 Gavetas Preto E Dourado 89 Cm\/\" target=\"_blank\" rel=\"noopener\"><img decoding=\"async\" src=\"https:\/\/mvc.mlcdn.com.br\/ad\/2503_superofertas.png\" alt=\"Pesquise no Magazine eZu\" \/> &#8211; da Parceria MAGALU<\/a>.<\/p>\n<hr \/>\n<p><script async src=\"https:\/\/pagead2.googlesyndication.com\/pagead\/js\/adsbygoogle.js?client=ca-pub-5987304558705355\" crossorigin=\"anonymous\"><\/script><br \/>\n<ins class=\"adsbygoogle\" style=\"display: block;\" data-ad-format=\"autorelaxed\" data-ad-client=\"ca-pub-5987304558705355\" data-ad-slot=\"6675008826\"><\/ins><br \/>\n<script>\n     (adsbygoogle = window.adsbygoogle || ).push();\n<\/script><\/p>\n<hr \/>\n<p>Ainda n\u00e3o encontrou a melhor op\u00e7\u00e3o de compra? Oferecemos outra possibilidade de <strong>busca<\/strong>, mais ampla, para <a href=\"https:\/\/ecompare.com.br\/lojas\/resultados-da-pesquisa\/?q=Guarda-roupa Closet Industrial Mital 2 Gavetas Preto E Dourado 89 Cm#gsc.tab=0&amp;gsc.q=Guarda-roupa Closet Industrial Mital 2 Gavetas Preto E Dourado 89 Cm&amp;gsc.page=1\" target=\"_top\" rel=\"noopener\">Guarda-roupa Closet Industrial Mital 2 Gavetas Preto E Dourado 89 Cm, clique e continue <strong>pesquisando&#8230;<\/strong><\/a><\/p>\n<hr \/>\n<p>C\u00f3digo: 35784371758PLA-MO173CL86HPDMO_$ 984.51984.5117777R$ 46219<\/p>\n","protected":false},"excerpt":{"rendered":"<p>R$ 984.51 nas lojas <a href=\"https:\/\/www.mobly.com.br\/guardaroupa-closet-industrial-mital-2-gavetas-preto-e-dourado-89-cm-1112413.html?spall_source=especiais&#038;utm_source=awin&#038;utm_medium=affiliate&#038;utm_id=&#038;utm_term=690303\" target=\"_blank\" rel=\"sponsored\">Mobly BR<\/a><\/p>\n","protected":false},"author":1,"featured_media":0,"comment_status":"closed","ping_status":"closed","sticky":false,"template":"","format":"standard","meta":{"fifu_image_url":"","fifu_image_alt":"","footnotes":""},"categories":[5],"tags":[70],"class_list":["post-2127225","post","type-post","status-publish","format-standard","hentry","category-produtos","tag-mobly-br"],"_links":{"self":[{"href":"https:\/\/ecompare.com.br\/lojas\/wp-json\/wp\/v2\/posts\/2127225","targetHints":{"allow":["GET"]}}],"collection":[{"href":"https:\/\/ecompare.com.br\/lojas\/wp-json\/wp\/v2\/posts"}],"about":[{"href":"https:\/\/ecompare.com.br\/lojas\/wp-json\/wp\/v2\/types\/post"}],"author":[{"embeddable":true,"href":"https:\/\/ecompare.com.br\/lojas\/wp-json\/wp\/v2\/users\/1"}],"replies":[{"embeddable":true,"href":"https:\/\/ecompare.com.br\/lojas\/wp-json\/wp\/v2\/comments?post=2127225"}],"version-history":[{"count":0,"href":"https:\/\/ecompare.com.br\/lojas\/wp-json\/wp\/v2\/posts\/2127225\/revisions"}],"wp:attachment":[{"href":"https:\/\/ecompare.com.br\/lojas\/wp-json\/wp\/v2\/media?parent=2127225"}],"wp:term":[{"taxonomy":"category","embeddable":true,"href":"https:\/\/ecompare.com.br\/lojas\/wp-json\/wp\/v2\/categories?post=2127225"},{"taxonomy":"post_tag","embeddable":true,"href":"https:\/\/ecompare.com.br\/lojas\/wp-json\/wp\/v2\/tags?post=2127225"}],"curies":[{"name":"wp","href":"https:\/\/api.w.org\/{rel}","templated":true}]}}