{"id":2112191,"date":"2025-10-11T08:48:24","date_gmt":"2025-10-11T11:48:24","guid":{"rendered":"https:\/\/ecompare.com.br\/lojas\/2025\/10\/conjunto-de-mesa-de-jantar-quadrada-com-tampo-de-vidro-off-white-e-8-cadeiras-dalia-boucle-bege-e-eucalipto-40537164844\/"},"modified":"2025-10-11T08:48:24","modified_gmt":"2025-10-11T11:48:24","slug":"conjunto-de-mesa-de-jantar-quadrada-com-tampo-de-vidro-off-white-e-8-cadeiras-dalia-boucle-bege-e-eucalipto-40537164844","status":"publish","type":"post","link":"https:\/\/ecompare.com.br\/lojas\/2025\/10\/conjunto-de-mesa-de-jantar-quadrada-com-tampo-de-vidro-off-white-e-8-cadeiras-dalia-boucle-bege-e-eucalipto-40537164844\/","title":{"rendered":"Conjunto De Mesa De Jantar Quadrada Com Tampo De Vidro Off White E 8 Cadeiras Dalia Boucl\u00e9 Bege E Eucalipto &#8211; 40537164844"},"content":{"rendered":"<h2><\/h2>\n<h3>O pre\u00e7o de Conjunto De Mesa De Jantar Quadrada Com Tampo De Vidro Off White E 8 Cadeiras Dalia Boucl\u00e9 Bege E Eucalipto no dia acima especificado era de <strong>R$ 4927.56<\/strong>.<\/h3>\n<p>Confira o pre\u00e7o atual aqui: <a href=\"https:\/\/www.awin1.com\/pclick.php?p=40537164844&#038;a=690303&#038;m=17777\" target=\"_blank\" rel=\"noopener sponsored\"><img decoding=\"async\" src=\"https:\/\/ui.awin.com\/images\/upload\/merchant\/profile\/17777.png\" alt=\"Conjunto De Mesa De Jantar Quadrada Com Tampo De Vidro Off White E 8 Cadeiras Dalia Boucl\u00e9 Bege E Eucalipto\" \/> &#8211; nas lojas  Mobly _<\/a><\/p>\n<p><img decoding=\"async\" src=\"https:\/\/static.mobly.com.br\/p\/1-0001-5670731-1-zoom.jpg\" alt=\"Conjunto De Mesa De Jantar Quadrada Com Tampo De Vidro Off White E 8 Cadeiras Dalia Boucl\u00e9 Bege E Eucalipto\" \/><br \/>\nQue tal o Conjunto de Mesa e Cadeiras Dalia? Sua sala de jantar completa e receptiva pede o Conjunto Dalia na composi\u00e7\u00e3o. Enquanto a mesa tem estrutura em MDP, promovendo a estabilidade necess\u00e1ria ao uso di\u00e1rio, as cadeiras contam com enchimento em espuma e revestimento em tecido macio &#8211; assim a comodidade \u00e9 garantida desde o cafezinho da manh\u00e3 at\u00e9 o jantar especial com os amigos. De visual que cria um lar-style sofisticado, as pe\u00e7as t\u00eam cor neutra e\u00a0 acabamento amadeirado, o combo perfeito para combinar com os outros m\u00f3veis do seu cantinho.<\/p>\n<h4>Aproveite e pesquise o pre\u00e7o deste produto em dezenas de lojas dos marketplaces abaixo:<\/h4>\n<p><a href=\"https:\/\/www.magazinevoce.com.br\/magazineezu\/busca\/Conjunto De Mesa De Jantar Quadrada Com Tampo De Vidro Off White E 8 Cadeiras Dalia Boucl\u00e9 Bege E Eucalipto\/\" target=\"_blank\" rel=\"noopener\"><img decoding=\"async\" src=\"https:\/\/mvc.mlcdn.com.br\/ad\/2503_superofertas.png\" alt=\"Pesquise no Magazine eZu\" \/> &#8211; da Parceria MAGALU<\/a>.<\/p>\n<hr \/>\n<p><script async src=\"https:\/\/pagead2.googlesyndication.com\/pagead\/js\/adsbygoogle.js?client=ca-pub-5987304558705355\" crossorigin=\"anonymous\"><\/script><br \/>\n<ins class=\"adsbygoogle\" style=\"display: block;\" data-ad-format=\"autorelaxed\" data-ad-client=\"ca-pub-5987304558705355\" data-ad-slot=\"6675008826\"><\/ins><br \/>\n<script>\n     (adsbygoogle = window.adsbygoogle || ).push();\n<\/script><\/p>\n<hr \/>\n<p>Ainda n\u00e3o encontrou a melhor op\u00e7\u00e3o de compra? Oferecemos outra possibilidade de <strong>busca<\/strong>, mais ampla, para <a href=\"https:\/\/ecompare.com.br\/lojas\/resultados-da-pesquisa\/?q=Conjunto De Mesa De Jantar Quadrada Com Tampo De Vidro Off White E 8 Cadeiras Dalia Boucl\u00e9 Bege E Eucalipto#gsc.tab=0&amp;gsc.q=Conjunto De Mesa De Jantar Quadrada Com Tampo De Vidro Off White E 8 Cadeiras Dalia Boucl\u00e9 Bege E Eucalipto&amp;gsc.page=1\" target=\"_top\" rel=\"noopener\">Conjunto De Mesa De Jantar Quadrada Com Tampo De Vidro Off White E 8 Cadeiras Dalia Boucl\u00e9 Bege E Eucalipto, clique e continue <strong>pesquisando&#8230;<\/strong><\/a><\/p>\n<hr \/>\n<p>C\u00f3digo: 40537164844PLA-KA161TA34ZTTMO_$ 4927.564927.5617777R$ 46219<\/p>\n","protected":false},"excerpt":{"rendered":"<p>R$ 4927.56 nas lojas <a href=\"https:\/\/www.mobly.com.br\/conjunto-de-mesa-de-jantar-quadrada-com-tampo-de-vidro-off-white-e-8-cadeiras-dalia-boucle-bege-e-eucalipto-1370765.html?spall_source=especiais&#038;utm_source=awin&#038;utm_medium=affiliate&#038;utm_id=&#038;utm_term=690303\" target=\"_blank\" rel=\"sponsored\">Mobly BR<\/a><\/p>\n","protected":false},"author":1,"featured_media":0,"comment_status":"closed","ping_status":"closed","sticky":false,"template":"","format":"standard","meta":{"fifu_image_url":"","fifu_image_alt":"","footnotes":""},"categories":[5],"tags":[70],"class_list":["post-2112191","post","type-post","status-publish","format-standard","hentry","category-produtos","tag-mobly-br"],"_links":{"self":[{"href":"https:\/\/ecompare.com.br\/lojas\/wp-json\/wp\/v2\/posts\/2112191","targetHints":{"allow":["GET"]}}],"collection":[{"href":"https:\/\/ecompare.com.br\/lojas\/wp-json\/wp\/v2\/posts"}],"about":[{"href":"https:\/\/ecompare.com.br\/lojas\/wp-json\/wp\/v2\/types\/post"}],"author":[{"embeddable":true,"href":"https:\/\/ecompare.com.br\/lojas\/wp-json\/wp\/v2\/users\/1"}],"replies":[{"embeddable":true,"href":"https:\/\/ecompare.com.br\/lojas\/wp-json\/wp\/v2\/comments?post=2112191"}],"version-history":[{"count":0,"href":"https:\/\/ecompare.com.br\/lojas\/wp-json\/wp\/v2\/posts\/2112191\/revisions"}],"wp:attachment":[{"href":"https:\/\/ecompare.com.br\/lojas\/wp-json\/wp\/v2\/media?parent=2112191"}],"wp:term":[{"taxonomy":"category","embeddable":true,"href":"https:\/\/ecompare.com.br\/lojas\/wp-json\/wp\/v2\/categories?post=2112191"},{"taxonomy":"post_tag","embeddable":true,"href":"https:\/\/ecompare.com.br\/lojas\/wp-json\/wp\/v2\/tags?post=2112191"}],"curies":[{"name":"wp","href":"https:\/\/api.w.org\/{rel}","templated":true}]}}