{"id":2111955,"date":"2025-10-01T12:39:19","date_gmt":"2025-10-01T15:39:19","guid":{"rendered":"https:\/\/ecompare.com.br\/lojas\/2025\/10\/conjunto-com-4-cadeiras-portugal-veludo-cinza-e-cromado-39037662170\/"},"modified":"2025-10-01T12:39:19","modified_gmt":"2025-10-01T15:39:19","slug":"conjunto-com-4-cadeiras-portugal-veludo-cinza-e-cromado-39037662170","status":"publish","type":"post","link":"https:\/\/ecompare.com.br\/lojas\/2025\/10\/conjunto-com-4-cadeiras-portugal-veludo-cinza-e-cromado-39037662170\/","title":{"rendered":"Conjunto Com 4 Cadeiras Portugal Veludo Cinza E Cromado &#8211; 39037662170"},"content":{"rendered":"<h2><\/h2>\n<h3>O pre\u00e7o de Conjunto Com 4 Cadeiras Portugal Veludo Cinza E Cromado no dia acima especificado era de <strong>R$ 945.71<\/strong>.<\/h3>\n<p>Confira o pre\u00e7o atual aqui: <a href=\"https:\/\/www.awin1.com\/pclick.php?p=39037662170&#038;a=690303&#038;m=17777\" target=\"_blank\" rel=\"noopener sponsored\"><img decoding=\"async\" src=\"https:\/\/ui.awin.com\/images\/upload\/merchant\/profile\/17777.png\" alt=\"Conjunto Com 4 Cadeiras Portugal Veludo Cinza E Cromado\" \/> &#8211; nas lojas  Mobly _<\/a><\/p>\n<p><img decoding=\"async\" src=\"https:\/\/static.mobly.com.br\/p\/1-0001-3418231-1-zoom.jpg\" alt=\"Conjunto Com 4 Cadeiras Portugal Veludo Cinza E Cromado\" \/><br \/>\nQue tal o Conjunto de Cadeiras Portugal?Ter um espa\u00e7o acolhedor para reunir amigos e familiares em torno de uma refei\u00e7\u00e3o especial faz toda a diferen\u00e7a em casa, por isso o Conjunto Portugal \u00e9 a escolha ideal para o seu lar! As 4 cadeiras t\u00eam ergonomia ideal para acomodar o corpo de forma aconchegante, al\u00e9m de uma estrutura firme &#8211; as pe\u00e7as combinam estilo vers\u00e1til e cores simples de harmonizar com a d\u00e9cor, criando um ambiente completo e sempre pronto para qualquer ocasi\u00e3o. Agora s\u00f3 falta completar com a receita preferida da fam\u00edlia e escolher a mesa certa para acompanhar os assentos.<\/p>\n<h4>Aproveite e pesquise o pre\u00e7o deste produto em dezenas de lojas dos marketplaces abaixo:<\/h4>\n<p><a href=\"https:\/\/www.magazinevoce.com.br\/magazineezu\/busca\/Conjunto Com 4 Cadeiras Portugal Veludo Cinza E Cromado\/\" target=\"_blank\" rel=\"noopener\"><img decoding=\"async\" src=\"https:\/\/mvc.mlcdn.com.br\/ad\/2503_superofertas.png\" alt=\"Pesquise no Magazine eZu\" \/> &#8211; da Parceria MAGALU<\/a>.<\/p>\n<hr \/>\n<p><script async src=\"https:\/\/pagead2.googlesyndication.com\/pagead\/js\/adsbygoogle.js?client=ca-pub-5987304558705355\" crossorigin=\"anonymous\"><\/script><br \/>\n<ins class=\"adsbygoogle\" style=\"display: block;\" data-ad-format=\"autorelaxed\" data-ad-client=\"ca-pub-5987304558705355\" data-ad-slot=\"6675008826\"><\/ins><br \/>\n<script>\n     (adsbygoogle = window.adsbygoogle || ).push();\n<\/script><\/p>\n<hr \/>\n<p>Ainda n\u00e3o encontrou a melhor op\u00e7\u00e3o de compra? Oferecemos outra possibilidade de <strong>busca<\/strong>, mais ampla, para <a href=\"https:\/\/ecompare.com.br\/lojas\/resultados-da-pesquisa\/?q=Conjunto Com 4 Cadeiras Portugal Veludo Cinza E Cromado#gsc.tab=0&amp;gsc.q=Conjunto Com 4 Cadeiras Portugal Veludo Cinza E Cromado&amp;gsc.page=1\" target=\"_top\" rel=\"noopener\">Conjunto Com 4 Cadeiras Portugal Veludo Cinza E Cromado, clique e continue <strong>pesquisando&#8230;<\/strong><\/a><\/p>\n<hr \/>\n<p>C\u00f3digo: 39037662170PLA-KA161CH56OSLMO_$ 945.71945.7117777R$ 46219<\/p>\n","protected":false},"excerpt":{"rendered":"<p>R$ 945.71 nas lojas <a href=\"https:\/\/www.mobly.com.br\/conjunto-com-4-cadeiras-portugal-veludo-cinza-e-cromado-1328143.html?spall_source=especiais&#038;utm_source=awin&#038;utm_medium=affiliate&#038;utm_id=&#038;utm_term=690303\" target=\"_blank\" rel=\"sponsored\">Mobly BR<\/a><\/p>\n","protected":false},"author":1,"featured_media":0,"comment_status":"closed","ping_status":"closed","sticky":false,"template":"","format":"standard","meta":{"fifu_image_url":"","fifu_image_alt":"","footnotes":""},"categories":[5],"tags":[70],"class_list":["post-2111955","post","type-post","status-publish","format-standard","hentry","category-produtos","tag-mobly-br"],"_links":{"self":[{"href":"https:\/\/ecompare.com.br\/lojas\/wp-json\/wp\/v2\/posts\/2111955","targetHints":{"allow":["GET"]}}],"collection":[{"href":"https:\/\/ecompare.com.br\/lojas\/wp-json\/wp\/v2\/posts"}],"about":[{"href":"https:\/\/ecompare.com.br\/lojas\/wp-json\/wp\/v2\/types\/post"}],"author":[{"embeddable":true,"href":"https:\/\/ecompare.com.br\/lojas\/wp-json\/wp\/v2\/users\/1"}],"replies":[{"embeddable":true,"href":"https:\/\/ecompare.com.br\/lojas\/wp-json\/wp\/v2\/comments?post=2111955"}],"version-history":[{"count":0,"href":"https:\/\/ecompare.com.br\/lojas\/wp-json\/wp\/v2\/posts\/2111955\/revisions"}],"wp:attachment":[{"href":"https:\/\/ecompare.com.br\/lojas\/wp-json\/wp\/v2\/media?parent=2111955"}],"wp:term":[{"taxonomy":"category","embeddable":true,"href":"https:\/\/ecompare.com.br\/lojas\/wp-json\/wp\/v2\/categories?post=2111955"},{"taxonomy":"post_tag","embeddable":true,"href":"https:\/\/ecompare.com.br\/lojas\/wp-json\/wp\/v2\/tags?post=2111955"}],"curies":[{"name":"wp","href":"https:\/\/api.w.org\/{rel}","templated":true}]}}