{"id":2111414,"date":"2025-10-16T21:21:44","date_gmt":"2025-10-17T00:21:44","guid":{"rendered":"https:\/\/ecompare.com.br\/lojas\/2025\/10\/armario-aereo-evelin-ii-1-porta-duna-e-cristal-40-cm-33855633561\/"},"modified":"2025-10-16T21:21:44","modified_gmt":"2025-10-17T00:21:44","slug":"armario-aereo-evelin-ii-1-porta-duna-e-cristal-40-cm-33855633561","status":"publish","type":"post","link":"https:\/\/ecompare.com.br\/lojas\/2025\/10\/armario-aereo-evelin-ii-1-porta-duna-e-cristal-40-cm-33855633561\/","title":{"rendered":"Arm\u00e1rio A\u00e9reo \u00c9velin Ii 1 Porta Duna E Cristal 40 Cm &#8211; 33855633561"},"content":{"rendered":"<h2><\/h2>\n<h3>O pre\u00e7o de Arm\u00e1rio A\u00e9reo \u00c9velin Ii 1 Porta Duna E Cristal 40 Cm no dia acima especificado era de <strong>R$ 281.26<\/strong>.<\/h3>\n<p>Confira o pre\u00e7o atual aqui: <a href=\"https:\/\/www.awin1.com\/pclick.php?p=33855633561&#038;a=690303&#038;m=17777\" target=\"_blank\" rel=\"noopener sponsored\"><img decoding=\"async\" src=\"https:\/\/ui.awin.com\/images\/upload\/merchant\/profile\/17777.png\" alt=\"Arm\u00e1rio A\u00e9reo \u00c9velin Ii 1 Porta Duna E Cristal 40 Cm\" \/> &#8211; nas lojas  Mobly _<\/a><\/p>\n<p><img decoding=\"async\" src=\"https:\/\/static.mobly.com.br\/p\/1-0001-6223201-1-zoom.jpg\" alt=\"Arm\u00e1rio A\u00e9reo \u00c9velin Ii 1 Porta Duna E Cristal 40 Cm\" \/><br \/>\nQue tal o Arm\u00e1rio A\u00e9reo \u00c9velin?C\u00f4modo importante na casa, a cozinha precisa ser bem equipada para que o preparo das receitas fique mais pr\u00e1tico, e toda ajuda nesta tarefa \u00e9 bem-vinda. Com o Arm\u00e1rio A\u00e9reo \u00c9velin, por exemplo, voc\u00ea ganha um incr\u00edvel aliado na organiza\u00e7\u00e3o de itens menores, como potes e canecas, ou de utens\u00edlios que precisam estar sempre \u00e0 m\u00e3o. Dono de um visual cl\u00e1ssico e s\u00f3brio, ele d\u00e1 um up na d\u00e9cor, ao mesmo tempo que \u00e9 f\u00e1cil de ser combinado com balc\u00f5es, paneleiros e outras pe\u00e7as que voc\u00ea achar necess\u00e1rio inserir no cora\u00e7\u00e3o da sua casa. Da\u00ed, com tudo sempre em ordem e bem decorado, seu espa\u00e7o gourmet vai ficar funcional e impec\u00e1vel, como voc\u00ea e sua fam\u00edlia merecem.<\/p>\n<h4>Aproveite e pesquise o pre\u00e7o deste produto em dezenas de lojas dos marketplaces abaixo:<\/h4>\n<p><a href=\"https:\/\/www.magazinevoce.com.br\/magazineezu\/busca\/Arm\u00e1rio A\u00e9reo \u00c9velin Ii 1 Porta Duna E Cristal 40 Cm\/\" target=\"_blank\" rel=\"noopener\"><img decoding=\"async\" src=\"https:\/\/mvc.mlcdn.com.br\/ad\/2503_superofertas.png\" alt=\"Pesquise no Magazine eZu\" \/> &#8211; da Parceria MAGALU<\/a>.<\/p>\n<hr \/>\n<p><script async src=\"https:\/\/pagead2.googlesyndication.com\/pagead\/js\/adsbygoogle.js?client=ca-pub-5987304558705355\" crossorigin=\"anonymous\"><\/script><br \/>\n<ins class=\"adsbygoogle\" style=\"display: block;\" data-ad-format=\"autorelaxed\" data-ad-client=\"ca-pub-5987304558705355\" data-ad-slot=\"6675008826\"><\/ins><br \/>\n<script>\n     (adsbygoogle = window.adsbygoogle || ).push();\n<\/script><\/p>\n<hr \/>\n<p>Ainda n\u00e3o encontrou a melhor op\u00e7\u00e3o de compra? Oferecemos outra possibilidade de <strong>busca<\/strong>, mais ampla, para <a href=\"https:\/\/ecompare.com.br\/lojas\/resultados-da-pesquisa\/?q=Arm\u00e1rio A\u00e9reo \u00c9velin Ii 1 Porta Duna E Cristal 40 Cm#gsc.tab=0&amp;gsc.q=Arm\u00e1rio A\u00e9reo \u00c9velin Ii 1 Porta Duna E Cristal 40 Cm&amp;gsc.page=1\" target=\"_top\" rel=\"noopener\">Arm\u00e1rio A\u00e9reo \u00c9velin Ii 1 Porta Duna E Cristal 40 Cm, clique e continue <strong>pesquisando&#8230;<\/strong><\/a><\/p>\n<hr \/>\n<p>C\u00f3digo: 33855633561PLA-HE777CL73FQWMO_$ 281.26281.2617777R$ 46219<\/p>\n","protected":false},"excerpt":{"rendered":"<p>R$ 281.26 nas lojas <a href=\"https:\/\/www.mobly.com.br\/armario-aereo-\u00e9velin-ii-1-porta-duna-e-cristal-40-cm-1023226.html?spall_source=especiais&#038;utm_source=awin&#038;utm_medium=affiliate&#038;utm_id=&#038;utm_term=690303\" target=\"_blank\" rel=\"sponsored\">Mobly BR<\/a><\/p>\n","protected":false},"author":1,"featured_media":0,"comment_status":"closed","ping_status":"closed","sticky":false,"template":"","format":"standard","meta":{"fifu_image_url":"","fifu_image_alt":"","footnotes":""},"categories":[5],"tags":[70],"class_list":["post-2111414","post","type-post","status-publish","format-standard","hentry","category-produtos","tag-mobly-br"],"_links":{"self":[{"href":"https:\/\/ecompare.com.br\/lojas\/wp-json\/wp\/v2\/posts\/2111414","targetHints":{"allow":["GET"]}}],"collection":[{"href":"https:\/\/ecompare.com.br\/lojas\/wp-json\/wp\/v2\/posts"}],"about":[{"href":"https:\/\/ecompare.com.br\/lojas\/wp-json\/wp\/v2\/types\/post"}],"author":[{"embeddable":true,"href":"https:\/\/ecompare.com.br\/lojas\/wp-json\/wp\/v2\/users\/1"}],"replies":[{"embeddable":true,"href":"https:\/\/ecompare.com.br\/lojas\/wp-json\/wp\/v2\/comments?post=2111414"}],"version-history":[{"count":0,"href":"https:\/\/ecompare.com.br\/lojas\/wp-json\/wp\/v2\/posts\/2111414\/revisions"}],"wp:attachment":[{"href":"https:\/\/ecompare.com.br\/lojas\/wp-json\/wp\/v2\/media?parent=2111414"}],"wp:term":[{"taxonomy":"category","embeddable":true,"href":"https:\/\/ecompare.com.br\/lojas\/wp-json\/wp\/v2\/categories?post=2111414"},{"taxonomy":"post_tag","embeddable":true,"href":"https:\/\/ecompare.com.br\/lojas\/wp-json\/wp\/v2\/tags?post=2111414"}],"curies":[{"name":"wp","href":"https:\/\/api.w.org\/{rel}","templated":true}]}}