{"id":2111375,"date":"2025-10-11T09:01:44","date_gmt":"2025-10-11T12:01:44","guid":{"rendered":"https:\/\/ecompare.com.br\/lojas\/2025\/10\/tampo-para-balcao-canto-reto-larissa-duna-94-cm-33855633755\/"},"modified":"2025-10-11T09:01:44","modified_gmt":"2025-10-11T12:01:44","slug":"tampo-para-balcao-canto-reto-larissa-duna-94-cm-33855633755","status":"publish","type":"post","link":"https:\/\/ecompare.com.br\/lojas\/2025\/10\/tampo-para-balcao-canto-reto-larissa-duna-94-cm-33855633755\/","title":{"rendered":"Tampo Para Balc\u00e3o Canto Reto Larissa Duna 94 Cm &#8211; 33855633755"},"content":{"rendered":"<h2><\/h2>\n<h3>O pre\u00e7o de Tampo Para Balc\u00e3o Canto Reto Larissa Duna 94 Cm no dia acima especificado era de <strong>R$ 179.41<\/strong>.<\/h3>\n<p>Confira o pre\u00e7o atual aqui: <a href=\"https:\/\/www.awin1.com\/pclick.php?p=33855633755&#038;a=690303&#038;m=17777\" target=\"_blank\" rel=\"noopener sponsored\"><img decoding=\"async\" src=\"https:\/\/ui.awin.com\/images\/upload\/merchant\/profile\/17777.png\" alt=\"Tampo Para Balc\u00e3o Canto Reto Larissa Duna 94 Cm\" \/> &#8211; nas lojas  Mobly _<\/a><\/p>\n<p><img decoding=\"async\" src=\"https:\/\/static.mobly.com.br\/p\/1-0001-3735201-1-zoom.jpg\" alt=\"Tampo Para Balc\u00e3o Canto Reto Larissa Duna 94 Cm\" \/><br \/>\nQue tal o Tampo para Balc\u00e3o Larissa?A cozinha s\u00f3 est\u00e1 completa quando possui m\u00f3veis que ajudam na rotina, n\u00e3o \u00e9? Conte com o Tampo Larissa para te auxiliar na tarefa de completar esse c\u00f4modo t\u00e3o importante da casa! Ideal para complementar o balc\u00e3o que voc\u00ea j\u00e1 tiver por a\u00ed ou ainda vai adquirir, ele tem visual s\u00f3brio e de f\u00e1cil combina\u00e7\u00e3o, trazendo funcionalidade e bom gosto ao ambiente. Como ele \u00e9 do tipo fechado, voc\u00ea pode ficar \u00e0 vontade para usar de acordo com sua rotina, seja apoiando t\u00e1buas na hora de picar alimentos, acomodando mantimentos ou mesmo itens decorativos. Demais, n\u00e9? \ud83d\ude09<\/p>\n<h4>Aproveite e pesquise o pre\u00e7o deste produto em dezenas de lojas dos marketplaces abaixo:<\/h4>\n<p><a href=\"https:\/\/www.magazinevoce.com.br\/magazineezu\/busca\/Tampo Para Balc\u00e3o Canto Reto Larissa Duna 94 Cm\/\" target=\"_blank\" rel=\"noopener\"><img decoding=\"async\" src=\"https:\/\/mvc.mlcdn.com.br\/ad\/2503_superofertas.png\" alt=\"Pesquise no Magazine eZu\" \/> &#8211; da Parceria MAGALU<\/a>.<\/p>\n<hr \/>\n<p><script async src=\"https:\/\/pagead2.googlesyndication.com\/pagead\/js\/adsbygoogle.js?client=ca-pub-5987304558705355\" crossorigin=\"anonymous\"><\/script><br \/>\n<ins class=\"adsbygoogle\" style=\"display: block;\" data-ad-format=\"autorelaxed\" data-ad-client=\"ca-pub-5987304558705355\" data-ad-slot=\"6675008826\"><\/ins><br \/>\n<script>\n     (adsbygoogle = window.adsbygoogle || ).push();\n<\/script><\/p>\n<hr \/>\n<p>Ainda n\u00e3o encontrou a melhor op\u00e7\u00e3o de compra? Oferecemos outra possibilidade de <strong>busca<\/strong>, mais ampla, para <a href=\"https:\/\/ecompare.com.br\/lojas\/resultados-da-pesquisa\/?q=Tampo Para Balc\u00e3o Canto Reto Larissa Duna 94 Cm#gsc.tab=0&amp;gsc.q=Tampo Para Balc\u00e3o Canto Reto Larissa Duna 94 Cm&amp;gsc.page=1\" target=\"_top\" rel=\"noopener\">Tampo Para Balc\u00e3o Canto Reto Larissa Duna 94 Cm, clique e continue <strong>pesquisando&#8230;<\/strong><\/a><\/p>\n<hr \/>\n<p>C\u00f3digo: 33855633755PLA-HE777CL26IVLMO_$ 179.41179.4117777R$ 46219<\/p>\n","protected":false},"excerpt":{"rendered":"<p>R$ 179.41 nas lojas <a href=\"https:\/\/www.mobly.com.br\/tampo-para-balcao-canto-reto-larissa-duna-94-cm-1025373.html?spall_source=especiais&#038;utm_source=awin&#038;utm_medium=affiliate&#038;utm_id=&#038;utm_term=690303\" target=\"_blank\" rel=\"sponsored\">Mobly BR<\/a><\/p>\n","protected":false},"author":1,"featured_media":0,"comment_status":"closed","ping_status":"closed","sticky":false,"template":"","format":"standard","meta":{"fifu_image_url":"","fifu_image_alt":"","footnotes":""},"categories":[5],"tags":[70],"class_list":["post-2111375","post","type-post","status-publish","format-standard","hentry","category-produtos","tag-mobly-br"],"_links":{"self":[{"href":"https:\/\/ecompare.com.br\/lojas\/wp-json\/wp\/v2\/posts\/2111375","targetHints":{"allow":["GET"]}}],"collection":[{"href":"https:\/\/ecompare.com.br\/lojas\/wp-json\/wp\/v2\/posts"}],"about":[{"href":"https:\/\/ecompare.com.br\/lojas\/wp-json\/wp\/v2\/types\/post"}],"author":[{"embeddable":true,"href":"https:\/\/ecompare.com.br\/lojas\/wp-json\/wp\/v2\/users\/1"}],"replies":[{"embeddable":true,"href":"https:\/\/ecompare.com.br\/lojas\/wp-json\/wp\/v2\/comments?post=2111375"}],"version-history":[{"count":0,"href":"https:\/\/ecompare.com.br\/lojas\/wp-json\/wp\/v2\/posts\/2111375\/revisions"}],"wp:attachment":[{"href":"https:\/\/ecompare.com.br\/lojas\/wp-json\/wp\/v2\/media?parent=2111375"}],"wp:term":[{"taxonomy":"category","embeddable":true,"href":"https:\/\/ecompare.com.br\/lojas\/wp-json\/wp\/v2\/categories?post=2111375"},{"taxonomy":"post_tag","embeddable":true,"href":"https:\/\/ecompare.com.br\/lojas\/wp-json\/wp\/v2\/tags?post=2111375"}],"curies":[{"name":"wp","href":"https:\/\/api.w.org\/{rel}","templated":true}]}}