{"id":2109234,"date":"2025-10-18T16:39:43","date_gmt":"2025-10-18T19:39:43","guid":{"rendered":"https:\/\/ecompare.com.br\/lojas\/2025\/10\/conjunto-com-2-cadeiras-carla-cromado-e-preto-28809445825\/"},"modified":"2025-10-18T16:39:43","modified_gmt":"2025-10-18T19:39:43","slug":"conjunto-com-2-cadeiras-carla-cromado-e-preto-28809445825","status":"publish","type":"post","link":"https:\/\/ecompare.com.br\/lojas\/2025\/10\/conjunto-com-2-cadeiras-carla-cromado-e-preto-28809445825\/","title":{"rendered":"Conjunto Com 2 Cadeiras Carla Cromado E Preto &#8211; 28809445825"},"content":{"rendered":"<h2><\/h2>\n<h3>O pre\u00e7o de Conjunto Com 2 Cadeiras Carla Cromado E Preto no dia acima especificado era de <strong>R$ 462.68<\/strong>.<\/h3>\n<p>Confira o pre\u00e7o atual aqui: <a href=\"https:\/\/www.awin1.com\/pclick.php?p=28809445825&#038;a=690303&#038;m=17777\" target=\"_blank\" rel=\"noopener sponsored\"><img decoding=\"async\" src=\"https:\/\/ui.awin.com\/images\/upload\/merchant\/profile\/17777.png\" alt=\"Conjunto Com 2 Cadeiras Carla Cromado E Preto\" \/> &#8211; nas lojas  Mobly _<\/a><\/p>\n<p><img decoding=\"async\" src=\"https:\/\/static.mobly.com.br\/p\/1-0001-116997-1-zoom.jpg\" alt=\"Conjunto Com 2 Cadeiras Carla Cromado E Preto\" \/><br \/>\nQue tal o Conjunto Carla?Funcionais e perfeitas para compor os ambientes gourmet da casa, cadeiras s\u00e3o m\u00f3veis que pedem uma estrutura aconchegante e design lindo &#8211; tudo o que voc\u00ea encontra no Conjunto Carla. Al\u00e9m do enchimento no assento que proporciona mais comodidade durante as atividades, as 2 pe\u00e7as tamb\u00e9m t\u00eam formato anat\u00f4mico e cor f\u00e1cil de harmonizar com o restante do mobili\u00e1rio. Tudo isso contribui para que voc\u00ea possa curtir muito mais com seus convidados ou familiares e desfrutar de um lar-style cativante, sobrando apenas a tarefa de escolher a mesa certa para acompanhar o kit.<\/p>\n<h4>Aproveite e pesquise o pre\u00e7o deste produto em dezenas de lojas dos marketplaces abaixo:<\/h4>\n<p><a href=\"https:\/\/www.magazinevoce.com.br\/magazineezu\/busca\/Conjunto Com 2 Cadeiras Carla Cromado E Preto\/\" target=\"_blank\" rel=\"noopener\"><img decoding=\"async\" src=\"https:\/\/mvc.mlcdn.com.br\/ad\/2503_superofertas.png\" alt=\"Pesquise no Magazine eZu\" \/> &#8211; da Parceria MAGALU<\/a>.<\/p>\n<hr \/>\n<p><script async src=\"https:\/\/pagead2.googlesyndication.com\/pagead\/js\/adsbygoogle.js?client=ca-pub-5987304558705355\" crossorigin=\"anonymous\"><\/script><br \/>\n<ins class=\"adsbygoogle\" style=\"display: block;\" data-ad-format=\"autorelaxed\" data-ad-client=\"ca-pub-5987304558705355\" data-ad-slot=\"6675008826\"><\/ins><br \/>\n<script>\n     (adsbygoogle = window.adsbygoogle || ).push();\n<\/script><\/p>\n<hr \/>\n<p>Ainda n\u00e3o encontrou a melhor op\u00e7\u00e3o de compra? Oferecemos outra possibilidade de <strong>busca<\/strong>, mais ampla, para <a href=\"https:\/\/ecompare.com.br\/lojas\/resultados-da-pesquisa\/?q=Conjunto Com 2 Cadeiras Carla Cromado E Preto#gsc.tab=0&amp;gsc.q=Conjunto Com 2 Cadeiras Carla Cromado E Preto&amp;gsc.page=1\" target=\"_top\" rel=\"noopener\">Conjunto Com 2 Cadeiras Carla Cromado E Preto, clique e continue <strong>pesquisando&#8230;<\/strong><\/a><\/p>\n<hr \/>\n<p>C\u00f3digo: 28809445825PLA-CR214CH88MWHMO_$ 462.68462.6817777R$ 46219<\/p>\n","protected":false},"excerpt":{"rendered":"<p>R$ 462.68 nas lojas <a href=\"https:\/\/www.mobly.com.br\/conjunto-com-2-cadeiras-carla-cromado-e-preto-799611.html?spall_source=especiais&#038;utm_source=awin&#038;utm_medium=affiliate&#038;utm_id=&#038;utm_term=690303\" target=\"_blank\" rel=\"sponsored\">Mobly BR<\/a><\/p>\n","protected":false},"author":1,"featured_media":0,"comment_status":"closed","ping_status":"closed","sticky":false,"template":"","format":"standard","meta":{"fifu_image_url":"","fifu_image_alt":"","footnotes":""},"categories":[5],"tags":[70],"class_list":["post-2109234","post","type-post","status-publish","format-standard","hentry","category-produtos","tag-mobly-br"],"_links":{"self":[{"href":"https:\/\/ecompare.com.br\/lojas\/wp-json\/wp\/v2\/posts\/2109234","targetHints":{"allow":["GET"]}}],"collection":[{"href":"https:\/\/ecompare.com.br\/lojas\/wp-json\/wp\/v2\/posts"}],"about":[{"href":"https:\/\/ecompare.com.br\/lojas\/wp-json\/wp\/v2\/types\/post"}],"author":[{"embeddable":true,"href":"https:\/\/ecompare.com.br\/lojas\/wp-json\/wp\/v2\/users\/1"}],"replies":[{"embeddable":true,"href":"https:\/\/ecompare.com.br\/lojas\/wp-json\/wp\/v2\/comments?post=2109234"}],"version-history":[{"count":0,"href":"https:\/\/ecompare.com.br\/lojas\/wp-json\/wp\/v2\/posts\/2109234\/revisions"}],"wp:attachment":[{"href":"https:\/\/ecompare.com.br\/lojas\/wp-json\/wp\/v2\/media?parent=2109234"}],"wp:term":[{"taxonomy":"category","embeddable":true,"href":"https:\/\/ecompare.com.br\/lojas\/wp-json\/wp\/v2\/categories?post=2109234"},{"taxonomy":"post_tag","embeddable":true,"href":"https:\/\/ecompare.com.br\/lojas\/wp-json\/wp\/v2\/tags?post=2109234"}],"curies":[{"name":"wp","href":"https:\/\/api.w.org\/{rel}","templated":true}]}}