{"id":2109130,"date":"2025-10-10T03:35:16","date_gmt":"2025-10-10T06:35:16","guid":{"rendered":"https:\/\/ecompare.com.br\/lojas\/2025\/10\/rack-yara-nogueira-e-off-white-136-cm-29073605789\/"},"modified":"2025-10-10T03:35:16","modified_gmt":"2025-10-10T06:35:16","slug":"rack-yara-nogueira-e-off-white-136-cm-29073605789","status":"publish","type":"post","link":"https:\/\/ecompare.com.br\/lojas\/2025\/10\/rack-yara-nogueira-e-off-white-136-cm-29073605789\/","title":{"rendered":"Rack Yara Nogueira E Off White 136 Cm &#8211; 29073605789"},"content":{"rendered":"<h2><\/h2>\n<h3>O pre\u00e7o de Rack Yara Nogueira E Off White 136 Cm no dia acima especificado era de <strong>R$ 460.71<\/strong>.<\/h3>\n<p>Confira o pre\u00e7o atual aqui: <a href=\"https:\/\/www.awin1.com\/pclick.php?p=29073605789&#038;a=690303&#038;m=17777\" target=\"_blank\" rel=\"noopener sponsored\"><img decoding=\"async\" src=\"https:\/\/ui.awin.com\/images\/upload\/merchant\/profile\/17777.png\" alt=\"Rack Yara Nogueira E Off White 136 Cm\" \/> &#8211; nas lojas  Mobly _<\/a><\/p>\n<p><img decoding=\"async\" src=\"https:\/\/static.mobly.com.br\/p\/1-0001-495997-1-zoom.jpg\" alt=\"Rack Yara Nogueira E Off White 136 Cm\" \/><br \/>\nQue tal o Rack Yara?Com estrutura completa para deixar sua sala de estar bem organizada e, claro, com um visual charmoso, o Rack Yara \u00e9 a melhor escolha para quem quer criar um lar-style incr\u00edvel. Al\u00e9m dos compartimentos internos, voc\u00ea tamb\u00e9m tem dispon\u00edvel o tampo amplo, e, juntos, eles v\u00e3o acomodar os eletr\u00f4nicos e aqueles outros objetos essenciais \u00e0 rotina, sejam decorativos ou n\u00e3o. Enquanto isso, o visual vai potencializar o bom gosto desse c\u00f4modo, al\u00e9m de facilitar muito na hora de combin\u00e1-lo com o sof\u00e1, mesinha lateral e demais itens que voc\u00ea gosta de usar para deixar o centro de entretenimento mais aconchegante e com seu toque pessoal. Da\u00ed \u00e9 s\u00f3 chamar a fam\u00edlia toda para curtir um filme ou para um bate-papo descontra\u00eddo \ud83d\ude09<\/p>\n<h4>Aproveite e pesquise o pre\u00e7o deste produto em dezenas de lojas dos marketplaces abaixo:<\/h4>\n<p><a href=\"https:\/\/www.magazinevoce.com.br\/magazineezu\/busca\/Rack Yara Nogueira E Off White 136 Cm\/\" target=\"_blank\" rel=\"noopener\"><img decoding=\"async\" src=\"https:\/\/mvc.mlcdn.com.br\/ad\/2503_superofertas.png\" alt=\"Pesquise no Magazine eZu\" \/> &#8211; da Parceria MAGALU<\/a>.<\/p>\n<hr \/>\n<p><script async src=\"https:\/\/pagead2.googlesyndication.com\/pagead\/js\/adsbygoogle.js?client=ca-pub-5987304558705355\" crossorigin=\"anonymous\"><\/script><br \/>\n<ins class=\"adsbygoogle\" style=\"display: block;\" data-ad-format=\"autorelaxed\" data-ad-client=\"ca-pub-5987304558705355\" data-ad-slot=\"6675008826\"><\/ins><br \/>\n<script>\n     (adsbygoogle = window.adsbygoogle || ).push();\n<\/script><\/p>\n<hr \/>\n<p>Ainda n\u00e3o encontrou a melhor op\u00e7\u00e3o de compra? Oferecemos outra possibilidade de <strong>busca<\/strong>, mais ampla, para <a href=\"https:\/\/ecompare.com.br\/lojas\/resultados-da-pesquisa\/?q=Rack Yara Nogueira E Off White 136 Cm#gsc.tab=0&amp;gsc.q=Rack Yara Nogueira E Off White 136 Cm&amp;gsc.page=1\" target=\"_top\" rel=\"noopener\">Rack Yara Nogueira E Off White 136 Cm, clique e continue <strong>pesquisando&#8230;<\/strong><\/a><\/p>\n<hr \/>\n<p>C\u00f3digo: 29073605789PLA-CO937RA05MVQMO_$ 460.71460.7117777R$ 46219<\/p>\n","protected":false},"excerpt":{"rendered":"<p>R$ 460.71 nas lojas <a href=\"https:\/\/www.mobly.com.br\/rack-yara-nogueira-e-off-white-136-cm-799594.html?spall_source=especiais&#038;utm_source=awin&#038;utm_medium=affiliate&#038;utm_id=&#038;utm_term=690303\" target=\"_blank\" rel=\"sponsored\">Mobly BR<\/a><\/p>\n","protected":false},"author":1,"featured_media":0,"comment_status":"closed","ping_status":"closed","sticky":false,"template":"","format":"standard","meta":{"fifu_image_url":"","fifu_image_alt":"","footnotes":""},"categories":[5],"tags":[70],"class_list":["post-2109130","post","type-post","status-publish","format-standard","hentry","category-produtos","tag-mobly-br"],"_links":{"self":[{"href":"https:\/\/ecompare.com.br\/lojas\/wp-json\/wp\/v2\/posts\/2109130","targetHints":{"allow":["GET"]}}],"collection":[{"href":"https:\/\/ecompare.com.br\/lojas\/wp-json\/wp\/v2\/posts"}],"about":[{"href":"https:\/\/ecompare.com.br\/lojas\/wp-json\/wp\/v2\/types\/post"}],"author":[{"embeddable":true,"href":"https:\/\/ecompare.com.br\/lojas\/wp-json\/wp\/v2\/users\/1"}],"replies":[{"embeddable":true,"href":"https:\/\/ecompare.com.br\/lojas\/wp-json\/wp\/v2\/comments?post=2109130"}],"version-history":[{"count":0,"href":"https:\/\/ecompare.com.br\/lojas\/wp-json\/wp\/v2\/posts\/2109130\/revisions"}],"wp:attachment":[{"href":"https:\/\/ecompare.com.br\/lojas\/wp-json\/wp\/v2\/media?parent=2109130"}],"wp:term":[{"taxonomy":"category","embeddable":true,"href":"https:\/\/ecompare.com.br\/lojas\/wp-json\/wp\/v2\/categories?post=2109130"},{"taxonomy":"post_tag","embeddable":true,"href":"https:\/\/ecompare.com.br\/lojas\/wp-json\/wp\/v2\/tags?post=2109130"}],"curies":[{"name":"wp","href":"https:\/\/api.w.org\/{rel}","templated":true}]}}