{"id":2109048,"date":"2025-10-08T23:00:31","date_gmt":"2025-10-09T02:00:31","guid":{"rendered":"https:\/\/ecompare.com.br\/lojas\/2025\/10\/mesa-de-cabeceira-luara-branca-40378303767\/"},"modified":"2025-10-08T23:00:31","modified_gmt":"2025-10-09T02:00:31","slug":"mesa-de-cabeceira-luara-branca-40378303767","status":"publish","type":"post","link":"https:\/\/ecompare.com.br\/lojas\/2025\/10\/mesa-de-cabeceira-luara-branca-40378303767\/","title":{"rendered":"Mesa De Cabeceira Luara Branca &#8211; 40378303767"},"content":{"rendered":"<h2><\/h2>\n<h3>O pre\u00e7o de Mesa De Cabeceira Luara Branca no dia acima especificado era de <strong>R$ 130.94<\/strong>.<\/h3>\n<p>Confira o pre\u00e7o atual aqui: <a href=\"https:\/\/www.awin1.com\/pclick.php?p=40378303767&#038;a=690303&#038;m=17777\" target=\"_blank\" rel=\"noopener sponsored\"><img decoding=\"async\" src=\"https:\/\/ui.awin.com\/images\/upload\/merchant\/profile\/17777.png\" alt=\"Mesa De Cabeceira Luara Branca\" \/> &#8211; nas lojas  Mobly _<\/a><\/p>\n<p><img decoding=\"async\" src=\"https:\/\/static.mobly.com.br\/p\/1-0001-571297-1-zoom.jpg\" alt=\"Mesa De Cabeceira Luara Branca\" \/><br \/>\nQue tal a Mesa de Cabeceira Luara?Para sempre poder contar com um apoio ao lado da cama, a Mesa de Cabeceira Luara \u00e9 a melhor op\u00e7\u00e3o. Com estrutura simples, ela traz, al\u00e9m do tampo, dois nichos para aqueles itens que voc\u00ea n\u00e3o quer \u00e0 mostra ou para acomodar seus livros e outros objetos pessoais. Enquanto isso, a cor proporciona um visual f\u00e1cil de inserir no ambiente e de combinar com as outras pe\u00e7as do dormit\u00f3rio, criando assim um cantinho harm\u00f4nico e muito relaxante \ud83d\ude09<\/p>\n<h4>Aproveite e pesquise o pre\u00e7o deste produto em dezenas de lojas dos marketplaces abaixo:<\/h4>\n<p><a href=\"https:\/\/www.magazinevoce.com.br\/magazineezu\/busca\/Mesa De Cabeceira Luara Branca\/\" target=\"_blank\" rel=\"noopener\"><img decoding=\"async\" src=\"https:\/\/mvc.mlcdn.com.br\/ad\/2503_superofertas.png\" alt=\"Pesquise no Magazine eZu\" \/> &#8211; da Parceria MAGALU<\/a>.<\/p>\n<hr \/>\n<p><script async src=\"https:\/\/pagead2.googlesyndication.com\/pagead\/js\/adsbygoogle.js?client=ca-pub-5987304558705355\" crossorigin=\"anonymous\"><\/script><br \/>\n<ins class=\"adsbygoogle\" style=\"display: block;\" data-ad-format=\"autorelaxed\" data-ad-client=\"ca-pub-5987304558705355\" data-ad-slot=\"6675008826\"><\/ins><br \/>\n<script>\n     (adsbygoogle = window.adsbygoogle || ).push();\n<\/script><\/p>\n<hr \/>\n<p>Ainda n\u00e3o encontrou a melhor op\u00e7\u00e3o de compra? Oferecemos outra possibilidade de <strong>busca<\/strong>, mais ampla, para <a href=\"https:\/\/ecompare.com.br\/lojas\/resultados-da-pesquisa\/?q=Mesa De Cabeceira Luara Branca#gsc.tab=0&amp;gsc.q=Mesa De Cabeceira Luara Branca&amp;gsc.page=1\" target=\"_top\" rel=\"noopener\">Mesa De Cabeceira Luara Branca, clique e continue <strong>pesquisando&#8230;<\/strong><\/a><\/p>\n<hr \/>\n<p>C\u00f3digo: 40378303767PLA-CO322CL24BWHMO_$ 130.94130.9417777R$ 46219<\/p>\n","protected":false},"excerpt":{"rendered":"<p>R$ 130.94 nas lojas <a href=\"https:\/\/www.mobly.com.br\/mesa-de-cabeceira-luara-branca-792175.html?spall_source=especiais&#038;utm_source=awin&#038;utm_medium=affiliate&#038;utm_id=&#038;utm_term=690303\" target=\"_blank\" rel=\"sponsored\">Mobly BR<\/a><\/p>\n","protected":false},"author":1,"featured_media":0,"comment_status":"closed","ping_status":"closed","sticky":false,"template":"","format":"standard","meta":{"fifu_image_url":"","fifu_image_alt":"","footnotes":""},"categories":[5],"tags":[70],"class_list":["post-2109048","post","type-post","status-publish","format-standard","hentry","category-produtos","tag-mobly-br"],"_links":{"self":[{"href":"https:\/\/ecompare.com.br\/lojas\/wp-json\/wp\/v2\/posts\/2109048","targetHints":{"allow":["GET"]}}],"collection":[{"href":"https:\/\/ecompare.com.br\/lojas\/wp-json\/wp\/v2\/posts"}],"about":[{"href":"https:\/\/ecompare.com.br\/lojas\/wp-json\/wp\/v2\/types\/post"}],"author":[{"embeddable":true,"href":"https:\/\/ecompare.com.br\/lojas\/wp-json\/wp\/v2\/users\/1"}],"replies":[{"embeddable":true,"href":"https:\/\/ecompare.com.br\/lojas\/wp-json\/wp\/v2\/comments?post=2109048"}],"version-history":[{"count":0,"href":"https:\/\/ecompare.com.br\/lojas\/wp-json\/wp\/v2\/posts\/2109048\/revisions"}],"wp:attachment":[{"href":"https:\/\/ecompare.com.br\/lojas\/wp-json\/wp\/v2\/media?parent=2109048"}],"wp:term":[{"taxonomy":"category","embeddable":true,"href":"https:\/\/ecompare.com.br\/lojas\/wp-json\/wp\/v2\/categories?post=2109048"},{"taxonomy":"post_tag","embeddable":true,"href":"https:\/\/ecompare.com.br\/lojas\/wp-json\/wp\/v2\/tags?post=2109048"}],"curies":[{"name":"wp","href":"https:\/\/api.w.org\/{rel}","templated":true}]}}