{"id":2108925,"date":"2025-10-15T00:56:35","date_gmt":"2025-10-15T03:56:35","guid":{"rendered":"https:\/\/ecompare.com.br\/lojas\/2025\/10\/conjunto-de-mesa-de-jantar-quadrada-com-tampo-de-vidro-off-white-ana-e-8-cadeiras-tais-suede-joli-e-nature-35827808757\/"},"modified":"2025-10-15T00:56:35","modified_gmt":"2025-10-15T03:56:35","slug":"conjunto-de-mesa-de-jantar-quadrada-com-tampo-de-vidro-off-white-ana-e-8-cadeiras-tais-suede-joli-e-nature-35827808757","status":"publish","type":"post","link":"https:\/\/ecompare.com.br\/lojas\/2025\/10\/conjunto-de-mesa-de-jantar-quadrada-com-tampo-de-vidro-off-white-ana-e-8-cadeiras-tais-suede-joli-e-nature-35827808757\/","title":{"rendered":"Conjunto De Mesa De Jantar Quadrada Com Tampo De Vidro Off White Ana E 8 Cadeiras Tais Suede Joli E Nature &#8211; 35827808757"},"content":{"rendered":"<h2><\/h2>\n<h3>O pre\u00e7o de Conjunto De Mesa De Jantar Quadrada Com Tampo De Vidro Off White Ana E 8 Cadeiras Tais Suede Joli E Nature no dia acima especificado era de <strong>R$ 4093.36<\/strong>.<\/h3>\n<p>Confira o pre\u00e7o atual aqui: <a href=\"https:\/\/www.awin1.com\/pclick.php?p=35827808757&#038;a=690303&#038;m=17777\" target=\"_blank\" rel=\"noopener sponsored\"><img decoding=\"async\" src=\"https:\/\/ui.awin.com\/images\/upload\/merchant\/profile\/17777.png\" alt=\"Conjunto De Mesa De Jantar Quadrada Com Tampo De Vidro Off White Ana E 8 Cadeiras Tais Suede Joli E Nature\" \/> &#8211; nas lojas  Mobly _<\/a><\/p>\n<p><img decoding=\"async\" src=\"https:\/\/static.mobly.com.br\/p\/1-0001-1660211-1-zoom.jpg\" alt=\"Conjunto De Mesa De Jantar Quadrada Com Tampo De Vidro Off White Ana E 8 Cadeiras Tais Suede Joli E Nature\" \/><br \/>\nQue tal o Conjunto de Jantar Ana e Tais? Desfrutar momentos agrad\u00e1veis na companhia da fam\u00edlia ou amigos vai ficar ainda melhor com o Conjunto Ana e Tais em sua sala de jantar. Completo para o dia a dia, ele tem 8 cadeiras estofadas e revestidas em Suede, que recebem bem o corpo, enquanto a mesa \u00e9 ampla para acomodar lugares americanos, lou\u00e7as e talheres. Com detalhes que conquistam, o kit tem visual sofisticado que une cor neutra, acabamento que valoriza o detalhe ripado e aplica\u00e7\u00e3o de vidro no tampo da mesa, elementos neutros e elegantes que deixar\u00e3o sua casa linda. Um show, n\u00e9?<\/p>\n<h4>Aproveite e pesquise o pre\u00e7o deste produto em dezenas de lojas dos marketplaces abaixo:<\/h4>\n<p><a href=\"https:\/\/www.magazinevoce.com.br\/magazineezu\/busca\/Conjunto De Mesa De Jantar Quadrada Com Tampo De Vidro Off White Ana E 8 Cadeiras Tais Suede Joli E Nature\/\" target=\"_blank\" rel=\"noopener\"><img decoding=\"async\" src=\"https:\/\/mvc.mlcdn.com.br\/ad\/2503_superofertas.png\" alt=\"Pesquise no Magazine eZu\" \/> &#8211; da Parceria MAGALU<\/a>.<\/p>\n<hr \/>\n<p><script async src=\"https:\/\/pagead2.googlesyndication.com\/pagead\/js\/adsbygoogle.js?client=ca-pub-5987304558705355\" crossorigin=\"anonymous\"><\/script><br \/>\n<ins class=\"adsbygoogle\" style=\"display: block;\" data-ad-format=\"autorelaxed\" data-ad-client=\"ca-pub-5987304558705355\" data-ad-slot=\"6675008826\"><\/ins><br \/>\n<script>\n     (adsbygoogle = window.adsbygoogle || ).push();\n<\/script><\/p>\n<hr \/>\n<p>Ainda n\u00e3o encontrou a melhor op\u00e7\u00e3o de compra? Oferecemos outra possibilidade de <strong>busca<\/strong>, mais ampla, para <a href=\"https:\/\/ecompare.com.br\/lojas\/resultados-da-pesquisa\/?q=Conjunto De Mesa De Jantar Quadrada Com Tampo De Vidro Off White Ana E 8 Cadeiras Tais Suede Joli E Nature#gsc.tab=0&amp;gsc.q=Conjunto De Mesa De Jantar Quadrada Com Tampo De Vidro Off White Ana E 8 Cadeiras Tais Suede Joli E Nature&amp;gsc.page=1\" target=\"_top\" rel=\"noopener\">Conjunto De Mesa De Jantar Quadrada Com Tampo De Vidro Off White Ana E 8 Cadeiras Tais Suede Joli E Nature, clique e continue <strong>pesquisando&#8230;<\/strong><\/a><\/p>\n<hr \/>\n<p>C\u00f3digo: 35827808757PLA-CI381TA38TUJMO_$ 4093.364093.3617777R$ 46219<\/p>\n","protected":false},"excerpt":{"rendered":"<p>R$ 4093.36 nas lojas <a href=\"https:\/\/www.mobly.com.br\/conjunto-de-mesa-de-jantar-quadrada-com-tampo-de-vidro-off-white-ana-e-8-cadeiras-tais-suede-joli-e-nature-1120661.html?spall_source=especiais&#038;utm_source=awin&#038;utm_medium=affiliate&#038;utm_id=&#038;utm_term=690303\" target=\"_blank\" rel=\"sponsored\">Mobly BR<\/a><\/p>\n","protected":false},"author":1,"featured_media":0,"comment_status":"closed","ping_status":"closed","sticky":false,"template":"","format":"standard","meta":{"fifu_image_url":"","fifu_image_alt":"","footnotes":""},"categories":[5],"tags":[70],"class_list":["post-2108925","post","type-post","status-publish","format-standard","hentry","category-produtos","tag-mobly-br"],"_links":{"self":[{"href":"https:\/\/ecompare.com.br\/lojas\/wp-json\/wp\/v2\/posts\/2108925","targetHints":{"allow":["GET"]}}],"collection":[{"href":"https:\/\/ecompare.com.br\/lojas\/wp-json\/wp\/v2\/posts"}],"about":[{"href":"https:\/\/ecompare.com.br\/lojas\/wp-json\/wp\/v2\/types\/post"}],"author":[{"embeddable":true,"href":"https:\/\/ecompare.com.br\/lojas\/wp-json\/wp\/v2\/users\/1"}],"replies":[{"embeddable":true,"href":"https:\/\/ecompare.com.br\/lojas\/wp-json\/wp\/v2\/comments?post=2108925"}],"version-history":[{"count":0,"href":"https:\/\/ecompare.com.br\/lojas\/wp-json\/wp\/v2\/posts\/2108925\/revisions"}],"wp:attachment":[{"href":"https:\/\/ecompare.com.br\/lojas\/wp-json\/wp\/v2\/media?parent=2108925"}],"wp:term":[{"taxonomy":"category","embeddable":true,"href":"https:\/\/ecompare.com.br\/lojas\/wp-json\/wp\/v2\/categories?post=2108925"},{"taxonomy":"post_tag","embeddable":true,"href":"https:\/\/ecompare.com.br\/lojas\/wp-json\/wp\/v2\/tags?post=2108925"}],"curies":[{"name":"wp","href":"https:\/\/api.w.org\/{rel}","templated":true}]}}