{"id":2101413,"date":"2025-10-14T12:12:44","date_gmt":"2025-10-14T15:12:44","guid":{"rendered":"https:\/\/ecompare.com.br\/lojas\/2025\/10\/calca-reta-sarja-color-41439936430\/"},"modified":"2025-10-14T12:12:44","modified_gmt":"2025-10-14T15:12:44","slug":"calca-reta-sarja-color-41439936430","status":"publish","type":"post","link":"https:\/\/ecompare.com.br\/lojas\/2025\/10\/calca-reta-sarja-color-41439936430\/","title":{"rendered":"Cal\u00e7a Reta Sarja Color &#8211; 41439936430"},"content":{"rendered":"<h2>Vestu\u00e1rio e acess\u00f3rios<\/h2>\n<h3>O pre\u00e7o de Cal\u00e7a Reta Sarja Color no dia acima especificado era de <strong>R$ 209.00<\/strong>.<\/h3>\n<p>Confira o pre\u00e7o atual aqui: <a href=\"https:\/\/www.awin1.com\/pclick.php?p=41439936430&#038;a=690303&#038;m=116455\" target=\"_blank\" rel=\"noopener sponsored\"><img decoding=\"async\" src=\"https:\/\/ui.awin.com\/images\/upload\/merchant\/profile\/116455.png\" alt=\"Cal\u00e7a Reta Sarja Color\" \/> &#8211; nas lojas  Maria Fil\u00f3 _<\/a><\/p>\n<p><img decoding=\"async\" src=\"https:\/\/mariafilo.vteximg.com.br\/arquivos\/ids\/472680_2\" alt=\"Cal\u00e7a Reta Sarja Color\" \/><br \/>\nA Cal\u00e7a Reta Sarja Color da Maria Fil\u00f3 \u00e9 a combina\u00e7\u00e3o perfeita de conforto e eleg\u00e2ncia. Composta por 99% algod\u00e3o e 1% elastano, oferece um ajuste ideal que valoriza a silhueta sem perder a flexibilidade. O corte reto proporciona um caimento sofisticado, tornando-a uma pe\u00e7a vers\u00e1til para diversas ocasi\u00f5es. A sarja colorida adiciona um toque de frescor ao visual, enquanto o forro misto de algod\u00e3o e poli\u00e9ster garante conforto ao longo do dia. Essencial no guarda-roupa, \u00e9 f\u00e1cil de combinar com blusas, camisetas e blazers.  &#8211; Ajuste ideal com flexibilidade. &#8211; Corte reto para caimento sofisticado. &#8211; Sarja colorida para um toque moderno. &#8211; F\u00e1cil de combinar com outras pe\u00e7as.<\/p>\n<h4>Aproveite e pesquise o pre\u00e7o deste produto em dezenas de lojas dos marketplaces abaixo:<\/h4>\n<p><a href=\"https:\/\/www.magazinevoce.com.br\/magazineezu\/busca\/Cal\u00e7a Reta Sarja Color\/\" target=\"_blank\" rel=\"noopener\"><img decoding=\"async\" src=\"https:\/\/mvc.mlcdn.com.br\/ad\/2503_superofertas.png\" alt=\"Pesquise no Magazine eZu\" \/> &#8211; da Parceria MAGALU<\/a>.<\/p>\n<hr \/>\n<p><script async src=\"https:\/\/pagead2.googlesyndication.com\/pagead\/js\/adsbygoogle.js?client=ca-pub-5987304558705355\" crossorigin=\"anonymous\"><\/script><br \/>\n<ins class=\"adsbygoogle\" style=\"display: block;\" data-ad-format=\"autorelaxed\" data-ad-client=\"ca-pub-5987304558705355\" data-ad-slot=\"6675008826\"><\/ins><br \/>\n<script>\n     (adsbygoogle = window.adsbygoogle || ).push();\n<\/script><\/p>\n<hr \/>\n<p>Ainda n\u00e3o encontrou a melhor op\u00e7\u00e3o de compra? Oferecemos outra possibilidade de <strong>busca<\/strong>, mais ampla, para <a href=\"https:\/\/ecompare.com.br\/lojas\/resultados-da-pesquisa\/?q=Cal\u00e7a Reta Sarja Color#gsc.tab=0&amp;gsc.q=Cal\u00e7a Reta Sarja Color&amp;gsc.page=1\" target=\"_top\" rel=\"noopener\">Cal\u00e7a Reta Sarja Color, clique e continue <strong>pesquisando&#8230;<\/strong><\/a><\/p>\n<hr \/>\n<p>C\u00f3digo: 4143993643035393R$ 209.00209.00116455R$ 102717<\/p>\n","protected":false},"excerpt":{"rendered":"<p>R$ 209.00 nas lojas <a href=\"https:\/\/www.mariafilo.com.br\/calca-reta-sarja-color-trigo-15-21141-09243\/p?idsku=97155&#038;utm_source=awin&#038;utm_medium=affiliate&#038;utm_id=&#038;utm_term=690303\" target=\"_blank\" rel=\"sponsored\">Maria Fil\u00f3 BR<\/a><\/p>\n","protected":false},"author":1,"featured_media":0,"comment_status":"closed","ping_status":"closed","sticky":false,"template":"","format":"standard","meta":{"fifu_image_url":"","fifu_image_alt":"","footnotes":""},"categories":[5],"tags":[113515],"class_list":["post-2101413","post","type-post","status-publish","format-standard","hentry","category-produtos","tag-maria-filo-br"],"_links":{"self":[{"href":"https:\/\/ecompare.com.br\/lojas\/wp-json\/wp\/v2\/posts\/2101413","targetHints":{"allow":["GET"]}}],"collection":[{"href":"https:\/\/ecompare.com.br\/lojas\/wp-json\/wp\/v2\/posts"}],"about":[{"href":"https:\/\/ecompare.com.br\/lojas\/wp-json\/wp\/v2\/types\/post"}],"author":[{"embeddable":true,"href":"https:\/\/ecompare.com.br\/lojas\/wp-json\/wp\/v2\/users\/1"}],"replies":[{"embeddable":true,"href":"https:\/\/ecompare.com.br\/lojas\/wp-json\/wp\/v2\/comments?post=2101413"}],"version-history":[{"count":0,"href":"https:\/\/ecompare.com.br\/lojas\/wp-json\/wp\/v2\/posts\/2101413\/revisions"}],"wp:attachment":[{"href":"https:\/\/ecompare.com.br\/lojas\/wp-json\/wp\/v2\/media?parent=2101413"}],"wp:term":[{"taxonomy":"category","embeddable":true,"href":"https:\/\/ecompare.com.br\/lojas\/wp-json\/wp\/v2\/categories?post=2101413"},{"taxonomy":"post_tag","embeddable":true,"href":"https:\/\/ecompare.com.br\/lojas\/wp-json\/wp\/v2\/tags?post=2101413"}],"curies":[{"name":"wp","href":"https:\/\/api.w.org\/{rel}","templated":true}]}}