{"id":2086404,"date":"2025-10-07T03:59:06","date_gmt":"2025-10-07T06:59:06","guid":{"rendered":"https:\/\/ecompare.com.br\/lojas\/2025\/10\/refil-mascara-capilar-siage-cauterizacao-dos-fios-250g-38931857634\/"},"modified":"2025-10-07T03:59:06","modified_gmt":"2025-10-07T06:59:06","slug":"refil-mascara-capilar-siage-cauterizacao-dos-fios-250g-38931857634","status":"publish","type":"post","link":"https:\/\/ecompare.com.br\/lojas\/2025\/10\/refil-mascara-capilar-siage-cauterizacao-dos-fios-250g-38931857634\/","title":{"rendered":"Refil M\u00e1scara Capilar Si\u00e0ge Cauteriza\u00e7\u00e3o dos Fios 250g &#8211; 38931857634"},"content":{"rendered":"<h2>Cabelos > Tratamento<\/h2>\n<h3>O pre\u00e7o de Refil M\u00e1scara Capilar Si\u00e0ge Cauteriza\u00e7\u00e3o dos Fios 250g no dia acima especificado era de <strong>R$ 55.99<\/strong>.<\/h3>\n<p>Confira o pre\u00e7o atual aqui: <a href=\"https:\/\/www.awin1.com\/pclick.php?p=38931857634&#038;a=690303&#038;m=17837\" target=\"_blank\" rel=\"noopener sponsored\"><img decoding=\"async\" src=\"https:\/\/ui.awin.com\/images\/upload\/merchant\/profile\/17837.png\" alt=\"Refil M\u00e1scara Capilar Si\u00e0ge Cauteriza\u00e7\u00e3o dos Fios 250g\" \/> &#8211; nas lojas  Eudora _<\/a><\/p>\n<p><img decoding=\"async\" src=\"https:\/\/res.cloudinary.com\/beleza-na-web\/image\/upload\/w_1500\/f_auto\/fl_progressive\/q_auto:best\/v1\/imagens\/product\/E55669\/38790999-3cbc-4454-b3c1-f13f4942df1c-e55669-refil-siage-mascara-capilar-cauterizacao-dos-fios-250g-frontal.jpg\" alt=\"Refil M\u00e1scara Capilar Si\u00e0ge Cauteriza\u00e7\u00e3o dos Fios 250g\" \/><br \/>\nAs m\u00e1scaras das linhas mais amadas agora na vers\u00e3o refil. A M\u00e1scara Capilar Si\u00e0ge Cauteriza\u00e7\u00e3o dos Fios rep\u00f5e a hidrata\u00e7\u00e3o em 5 minutos e garante selagem imediata das cut\u00edculas para cabelos 3x mais macios. Sua f\u00f3rmula possui Amino\u00e1cidos e Col\u00e1geno , que age preenchendo as \u00e1reas fragilizadas do fio, tornando sua textura mais uniforme; e restaurando a barreira natural dos cabelos, protegendo os fios e impedindo que voltem a ser danificados. Pode ser aplicado em todos os tipos de cabelos para garantir benef\u00edcios como: Cabelos cauterizados desde a primeira aplica\u00e7\u00e3o Restaura\u00e7\u00e3o da textura das cut\u00edculas capilares, proporcionando cabelos extremamente macios, com brilho e bem tratados, sem enrijecer os fios Poder de a\u00e7\u00e3o gradual: cabelos mais bem cuidados a cada uso Com o refil voc\u00ea economiza 80% de pl\u00e1stico Produto vegano O Refil M\u00e1scara Capilar Si\u00e0ge Cauteriza\u00e7\u00e3o dos Fios entrega redu\u00e7\u00e3o da porosidade dos fios, cabelos uniformes e macios. SO_E A LINHA A linha Cauteriza\u00e7\u00e3o dos Fios possui tecnologia de autoaquecimento: ao aplicar o produto e friccionar as m\u00e3os, voc\u00ea sentir\u00e1 um leve aquecimento, isso faz com que os ativos penetrem de forma mais efetiva nos fios al\u00e9m de garantir diversos benef\u00edcios. Maior performance! Cauteriza sem o uso do calor do secador e da chapinha. \u00c9 r\u00e1pido! \u00c9 pr\u00e1tico! Nenhum produto Eudora \u00e9 testado em animais, ou seja, este item possui selo Cruelty Free.<\/p>\n<h4>Aproveite e pesquise o pre\u00e7o deste produto em dezenas de lojas dos marketplaces abaixo:<\/h4>\n<p><a href=\"https:\/\/www.magazinevoce.com.br\/magazineezu\/busca\/Refil M\u00e1scara Capilar Si\u00e0ge Cauteriza\u00e7\u00e3o dos Fios 250g\/\" target=\"_blank\" rel=\"noopener\"><img decoding=\"async\" src=\"https:\/\/mvc.mlcdn.com.br\/ad\/2503_superofertas.png\" alt=\"Pesquise no Magazine eZu\" \/> &#8211; da Parceria MAGALU<\/a>.<\/p>\n<hr \/>\n<p><script async src=\"https:\/\/pagead2.googlesyndication.com\/pagead\/js\/adsbygoogle.js?client=ca-pub-5987304558705355\" crossorigin=\"anonymous\"><\/script><br \/>\n<ins class=\"adsbygoogle\" style=\"display: block;\" data-ad-format=\"autorelaxed\" data-ad-client=\"ca-pub-5987304558705355\" data-ad-slot=\"6675008826\"><\/ins><br \/>\n<script>\n     (adsbygoogle = window.adsbygoogle || ).push();\n<\/script><\/p>\n<hr \/>\n<p>Ainda n\u00e3o encontrou a melhor op\u00e7\u00e3o de compra? Oferecemos outra possibilidade de <strong>busca<\/strong>, mais ampla, para <a href=\"https:\/\/ecompare.com.br\/lojas\/resultados-da-pesquisa\/?q=Refil M\u00e1scara Capilar Si\u00e0ge Cauteriza\u00e7\u00e3o dos Fios 250g#gsc.tab=0&amp;gsc.q=Refil M\u00e1scara Capilar Si\u00e0ge Cauteriza\u00e7\u00e3o dos Fios 250g&amp;gsc.page=1\" target=\"_top\" rel=\"noopener\">Refil M\u00e1scara Capilar Si\u00e0ge Cauteriza\u00e7\u00e3o dos Fios 250g, clique e continue <strong>pesquisando&#8230;<\/strong><\/a><\/p>\n<hr \/>\n<p>C\u00f3digo: 38931857634E55669R$ 55.9955.9917837R$ 97021<\/p>\n","protected":false},"excerpt":{"rendered":"<p>R$ 55.99 nas lojas <a href=\"https:\/\/www.eudora.com.br\/refil-mascara-capilar-siage-cauterizacao-dos-fios-250g\/&#038;utm_source=awin&#038;utm_medium=affiliate&#038;utm_id=&#038;utm_term=690303\" target=\"_blank\" rel=\"sponsored\">Eudora BR<\/a><\/p>\n","protected":false},"author":1,"featured_media":0,"comment_status":"closed","ping_status":"closed","sticky":false,"template":"","format":"standard","meta":{"fifu_image_url":"","fifu_image_alt":"","footnotes":""},"categories":[5],"tags":[19],"class_list":["post-2086404","post","type-post","status-publish","format-standard","hentry","category-produtos","tag-eudora-br"],"_links":{"self":[{"href":"https:\/\/ecompare.com.br\/lojas\/wp-json\/wp\/v2\/posts\/2086404","targetHints":{"allow":["GET"]}}],"collection":[{"href":"https:\/\/ecompare.com.br\/lojas\/wp-json\/wp\/v2\/posts"}],"about":[{"href":"https:\/\/ecompare.com.br\/lojas\/wp-json\/wp\/v2\/types\/post"}],"author":[{"embeddable":true,"href":"https:\/\/ecompare.com.br\/lojas\/wp-json\/wp\/v2\/users\/1"}],"replies":[{"embeddable":true,"href":"https:\/\/ecompare.com.br\/lojas\/wp-json\/wp\/v2\/comments?post=2086404"}],"version-history":[{"count":0,"href":"https:\/\/ecompare.com.br\/lojas\/wp-json\/wp\/v2\/posts\/2086404\/revisions"}],"wp:attachment":[{"href":"https:\/\/ecompare.com.br\/lojas\/wp-json\/wp\/v2\/media?parent=2086404"}],"wp:term":[{"taxonomy":"category","embeddable":true,"href":"https:\/\/ecompare.com.br\/lojas\/wp-json\/wp\/v2\/categories?post=2086404"},{"taxonomy":"post_tag","embeddable":true,"href":"https:\/\/ecompare.com.br\/lojas\/wp-json\/wp\/v2\/tags?post=2086404"}],"curies":[{"name":"wp","href":"https:\/\/api.w.org\/{rel}","templated":true}]}}