{"id":2078151,"date":"2025-10-05T13:42:05","date_gmt":"2025-10-05T16:42:05","guid":{"rendered":"https:\/\/ecompare.com.br\/lojas\/2025\/10\/afinal-o-que-os-bebes-fazem-no-bercario-33002874921\/"},"modified":"2025-10-05T13:42:05","modified_gmt":"2025-10-05T16:42:05","slug":"afinal-o-que-os-bebes-fazem-no-bercario-33002874921","status":"publish","type":"post","link":"https:\/\/ecompare.com.br\/lojas\/2025\/10\/afinal-o-que-os-bebes-fazem-no-bercario-33002874921\/","title":{"rendered":"Afinal, o que os Beb\u00eas Fazem no Ber\u00e7\u00e1rio? &#8211; 33002874921"},"content":{"rendered":"<h2>Media > Books<\/h2>\n<h3>O pre\u00e7o de Afinal, o que os Beb\u00eas Fazem no Ber\u00e7\u00e1rio? no dia acima especificado era de <strong>R$ 84.00<\/strong>.<\/h3>\n<p>Confira o pre\u00e7o atual aqui: <a href=\"https:\/\/www.awin1.com\/pclick.php?p=33002874921&#038;a=690303&#038;m=17884\" target=\"_blank\" rel=\"noopener sponsored\"><img decoding=\"async\" src=\"https:\/\/ui.awin.com\/images\/upload\/merchant\/profile\/17884.png\" alt=\"Afinal, o que os Beb\u00eas Fazem no Ber\u00e7\u00e1rio?\" \/> &#8211; nas lojas  Grupo A _<\/a><\/p>\n<p><img decoding=\"async\" src=\"https:\/\/dl4326nmjp5rc.cloudfront.net\/Custom\/Content\/Products\/98\/78\/987813_afinal-o-que-os-bebes-fazem-no-bercario-ebook_l3_636850566627501777.webp\" alt=\"Afinal, o que os Beb\u00eas Fazem no Ber\u00e7\u00e1rio?\" \/><br \/>\nCaio, Carlos, Jo\u00e3o Gabriel, Jo\u00e3o Pedro, Lara, Lara Cristina, Lucas e Miguel s\u00e3o crian\u00e7as de poucos meses de idade, mas que est\u00e3o longe de serem fr\u00e1geis, incapazes ou imaturas. Como todos os beb\u00eas, eles s\u00e3o indiv\u00edduos de in\u00fameras compet\u00eancias, capazes de interagir e de aprender desde o seu nascimento, contanto que rodeados por pessoas que os acolham e os sustentem emocionalmente. Acompanhe a narrativa de Paulo Fochi dentro do universo dos beb\u00eas que protagonizam esta obra. Por meio da abordagem da documenta\u00e7\u00e3o pedag\u00f3gica, o autor torna vis\u00edveis suas aprendizagens em contextos de vida coletiva: os primeiros passos, os encontros com os amigos, a descoberta do seu entorno. A partir de uma viv\u00eancia pr\u00e1tica e fundamentado nas ideias de importantes te\u00f3ricos da educa\u00e7\u00e3o infantil contempor\u00e2nea, aponta caminhos metodol\u00f3gicos para a pesquisa, para a pr\u00e1tica pedag\u00f3gica e para a forma\u00e7\u00e3o docente.<\/p>\n<h4>Aproveite e pesquise o pre\u00e7o deste produto em dezenas de lojas dos marketplaces abaixo:<\/h4>\n<p><a href=\"https:\/\/www.magazinevoce.com.br\/magazineezu\/busca\/Afinal, o que os Beb\u00eas Fazem no Ber\u00e7\u00e1rio?\/\" target=\"_blank\" rel=\"noopener\"><img decoding=\"async\" src=\"https:\/\/mvc.mlcdn.com.br\/ad\/2503_superofertas.png\" alt=\"Pesquise no Magazine eZu\" \/> &#8211; da Parceria MAGALU<\/a>.<\/p>\n<hr \/>\n<p><script async src=\"https:\/\/pagead2.googlesyndication.com\/pagead\/js\/adsbygoogle.js?client=ca-pub-5987304558705355\" crossorigin=\"anonymous\"><\/script><br \/>\n<ins class=\"adsbygoogle\" style=\"display: block;\" data-ad-format=\"autorelaxed\" data-ad-client=\"ca-pub-5987304558705355\" data-ad-slot=\"6675008826\"><\/ins><br \/>\n<script>\n     (adsbygoogle = window.adsbygoogle || ).push();\n<\/script><\/p>\n<hr \/>\n<p>Ainda n\u00e3o encontrou a melhor op\u00e7\u00e3o de compra? Oferecemos outra possibilidade de <strong>busca<\/strong>, mais ampla, para <a href=\"https:\/\/ecompare.com.br\/lojas\/resultados-da-pesquisa\/?q=Afinal, o que os Beb\u00eas Fazem no Ber\u00e7\u00e1rio?#gsc.tab=0&amp;gsc.q=Afinal, o que os Beb\u00eas Fazem no Ber\u00e7\u00e1rio?&amp;gsc.page=1\" target=\"_top\" rel=\"noopener\">Afinal, o que os Beb\u00eas Fazem no Ber\u00e7\u00e1rio?, clique e continue <strong>pesquisando&#8230;<\/strong><\/a><\/p>\n<hr \/>\n<p>C\u00f3digo: 33002874921987813R$ 84.0084.0017884R$ 51609<\/p>\n","protected":false},"excerpt":{"rendered":"<p>R$ 84.00 nas lojas <a href=\"https:\/\/loja.grupoa.com.br\/afinal-o-que-os-bebes-fazem-no-bercario-ebook-p987813?tsid=16&#038;utm_source=awin&#038;utm_medium=affiliate&#038;utm_id=&#038;utm_term=690303\" target=\"_blank\" rel=\"sponsored\">Grupo A BR<\/a><\/p>\n","protected":false},"author":1,"featured_media":0,"comment_status":"closed","ping_status":"closed","sticky":false,"template":"","format":"standard","meta":{"fifu_image_url":"","fifu_image_alt":"","footnotes":""},"categories":[5],"tags":[35],"class_list":["post-2078151","post","type-post","status-publish","format-standard","hentry","category-produtos","tag-grupo-a-br"],"_links":{"self":[{"href":"https:\/\/ecompare.com.br\/lojas\/wp-json\/wp\/v2\/posts\/2078151","targetHints":{"allow":["GET"]}}],"collection":[{"href":"https:\/\/ecompare.com.br\/lojas\/wp-json\/wp\/v2\/posts"}],"about":[{"href":"https:\/\/ecompare.com.br\/lojas\/wp-json\/wp\/v2\/types\/post"}],"author":[{"embeddable":true,"href":"https:\/\/ecompare.com.br\/lojas\/wp-json\/wp\/v2\/users\/1"}],"replies":[{"embeddable":true,"href":"https:\/\/ecompare.com.br\/lojas\/wp-json\/wp\/v2\/comments?post=2078151"}],"version-history":[{"count":0,"href":"https:\/\/ecompare.com.br\/lojas\/wp-json\/wp\/v2\/posts\/2078151\/revisions"}],"wp:attachment":[{"href":"https:\/\/ecompare.com.br\/lojas\/wp-json\/wp\/v2\/media?parent=2078151"}],"wp:term":[{"taxonomy":"category","embeddable":true,"href":"https:\/\/ecompare.com.br\/lojas\/wp-json\/wp\/v2\/categories?post=2078151"},{"taxonomy":"post_tag","embeddable":true,"href":"https:\/\/ecompare.com.br\/lojas\/wp-json\/wp\/v2\/tags?post=2078151"}],"curies":[{"name":"wp","href":"https:\/\/api.w.org\/{rel}","templated":true}]}}