{"id":2074519,"date":"2025-10-04T14:07:19","date_gmt":"2025-10-04T17:07:19","guid":{"rendered":"https:\/\/ecompare.com.br\/lojas\/2025\/10\/cafeteira-eletrica-mondial-dolce-arome-preta-18-xicaras-220v-41388875145\/"},"modified":"2025-10-04T14:07:19","modified_gmt":"2025-10-04T17:07:19","slug":"cafeteira-eletrica-mondial-dolce-arome-preta-18-xicaras-220v-41388875145","status":"publish","type":"post","link":"https:\/\/ecompare.com.br\/lojas\/2025\/10\/cafeteira-eletrica-mondial-dolce-arome-preta-18-xicaras-220v-41388875145\/","title":{"rendered":"Cafeteira El\u00e9trica Mondial Dolce Arome Preta 18 X\u00edcaras &#8211; 220V &#8211; 41388875145"},"content":{"rendered":"<h2><\/h2>\n<h3>O pre\u00e7o de Cafeteira El\u00e9trica Mondial Dolce Arome Preta 18 X\u00edcaras &#8211; 220V no dia acima especificado era de <strong>R$ 99.90<\/strong>.<\/h3>\n<p>Confira o pre\u00e7o atual aqui: <a href=\"https:\/\/www.awin1.com\/pclick.php?p=41388875145&#038;a=690303&#038;m=24620\" target=\"_blank\" rel=\"noopener sponsored\"><img decoding=\"async\" src=\"https:\/\/ui.awin.com\/images\/upload\/merchant\/profile\/24620.png\" alt=\"Cafeteira El\u00e9trica Mondial Dolce Arome Preta 18 X\u00edcaras - 220V\" \/> &#8211; nas lojas  Le Biscuit _<\/a><\/p>\n<p><img decoding=\"async\" src=\"https:\/\/lebiscuit.vteximg.com.br\/arquivos\/ids\/63282992_2\" alt=\"Cafeteira El\u00e9trica Mondial Dolce Arome Preta 18 X\u00edcaras - 220V\" \/><br \/>\nSe na sua mesa de caf\u00e9 da manh\u00e3 n\u00e3o pode faltar um caf\u00e9 fresquinho e saboroso, a Cafeteira El\u00e9trica Mondial Dolce Aroma \u00e9 uma \u00f3tima op\u00e7\u00e3o. Pr\u00e1tica e f\u00e1cil de usar, ela possui indicador de n\u00edvel de \u00e1gua, tampa para mais facilidade no manuseio e limpeza, porta-filtro remov\u00edvel que dispensa o uso de filtro de papel, al\u00e9m de sistema corta-pingos, que possibilita a retirada da jarra para servir o caf\u00e9 durante o preparo.A cafeteira possui ainda jarra de vidro que facilita a limpeza e n\u00e3o deixa odores, e placa de aquecimento que conserva a temperatura sem alterar o sabor.<\/p>\n<h4>Aproveite e pesquise o pre\u00e7o deste produto em dezenas de lojas dos marketplaces abaixo:<\/h4>\n<p><a href=\"https:\/\/www.magazinevoce.com.br\/magazineezu\/busca\/Cafeteira El\u00e9trica Mondial Dolce Arome Preta 18 X\u00edcaras - 220V\/\" target=\"_blank\" rel=\"noopener\"><img decoding=\"async\" src=\"https:\/\/mvc.mlcdn.com.br\/ad\/2503_superofertas.png\" alt=\"Pesquise no Magazine eZu\" \/> &#8211; da Parceria MAGALU<\/a>.<\/p>\n<hr \/>\n<p><script async src=\"https:\/\/pagead2.googlesyndication.com\/pagead\/js\/adsbygoogle.js?client=ca-pub-5987304558705355\" crossorigin=\"anonymous\"><\/script><br \/>\n<ins class=\"adsbygoogle\" style=\"display: block;\" data-ad-format=\"autorelaxed\" data-ad-client=\"ca-pub-5987304558705355\" data-ad-slot=\"6675008826\"><\/ins><br \/>\n<script>\n     (adsbygoogle = window.adsbygoogle || ).push();\n<\/script><\/p>\n<hr \/>\n<p>Ainda n\u00e3o encontrou a melhor op\u00e7\u00e3o de compra? Oferecemos outra possibilidade de <strong>busca<\/strong>, mais ampla, para <a href=\"https:\/\/ecompare.com.br\/lojas\/resultados-da-pesquisa\/?q=Cafeteira El\u00e9trica Mondial Dolce Arome Preta 18 X\u00edcaras - 220V#gsc.tab=0&amp;gsc.q=Cafeteira El\u00e9trica Mondial Dolce Arome Preta 18 X\u00edcaras - 220V&amp;gsc.page=1\" target=\"_top\" rel=\"noopener\">Cafeteira El\u00e9trica Mondial Dolce Arome Preta 18 X\u00edcaras &#8211; 220V, clique e continue <strong>pesquisando&#8230;<\/strong><\/a><\/p>\n<hr \/>\n<p>C\u00f3digo: 413888751452147309490R$ 99.9099.9024620R$ 101718<\/p>\n","protected":false},"excerpt":{"rendered":"<p>R$ 99.90 nas lojas <a href=\"https:\/\/lista.lebiscuit.com.br\/cafeteira-mondial-dolce-c-30-18x-fb-220v-5118736\/p?idsku=2147309490&#038;utm_source=awin&#038;utm_medium=affiliate&#038;utm_id=&#038;utm_term=690303\" target=\"_blank\" rel=\"sponsored\">Le Biscuit BR<\/a><\/p>\n","protected":false},"author":1,"featured_media":0,"comment_status":"closed","ping_status":"closed","sticky":false,"template":"","format":"standard","meta":{"fifu_image_url":"","fifu_image_alt":"","footnotes":""},"categories":[5],"tags":[96],"class_list":["post-2074519","post","type-post","status-publish","format-standard","hentry","category-produtos","tag-le-biscuit-br"],"_links":{"self":[{"href":"https:\/\/ecompare.com.br\/lojas\/wp-json\/wp\/v2\/posts\/2074519","targetHints":{"allow":["GET"]}}],"collection":[{"href":"https:\/\/ecompare.com.br\/lojas\/wp-json\/wp\/v2\/posts"}],"about":[{"href":"https:\/\/ecompare.com.br\/lojas\/wp-json\/wp\/v2\/types\/post"}],"author":[{"embeddable":true,"href":"https:\/\/ecompare.com.br\/lojas\/wp-json\/wp\/v2\/users\/1"}],"replies":[{"embeddable":true,"href":"https:\/\/ecompare.com.br\/lojas\/wp-json\/wp\/v2\/comments?post=2074519"}],"version-history":[{"count":0,"href":"https:\/\/ecompare.com.br\/lojas\/wp-json\/wp\/v2\/posts\/2074519\/revisions"}],"wp:attachment":[{"href":"https:\/\/ecompare.com.br\/lojas\/wp-json\/wp\/v2\/media?parent=2074519"}],"wp:term":[{"taxonomy":"category","embeddable":true,"href":"https:\/\/ecompare.com.br\/lojas\/wp-json\/wp\/v2\/categories?post=2074519"},{"taxonomy":"post_tag","embeddable":true,"href":"https:\/\/ecompare.com.br\/lojas\/wp-json\/wp\/v2\/tags?post=2074519"}],"curies":[{"name":"wp","href":"https:\/\/api.w.org\/{rel}","templated":true}]}}