{"id":1951531,"date":"2025-10-03T03:15:52","date_gmt":"2025-10-03T06:15:52","guid":{"rendered":"https:\/\/ecompare.com.br\/lojas\/2025\/10\/panela-multiflon-essencial-em-aluminio-com-revestimento-interno-antiaderente-e-tampa-de-vidro-com-saida-de-vapor-16-cm-vermelha-41704897075\/"},"modified":"2025-10-03T03:15:52","modified_gmt":"2025-10-03T06:15:52","slug":"panela-multiflon-essencial-em-aluminio-com-revestimento-interno-antiaderente-e-tampa-de-vidro-com-saida-de-vapor-16-cm-vermelha-41704897075","status":"publish","type":"post","link":"https:\/\/ecompare.com.br\/lojas\/2025\/10\/panela-multiflon-essencial-em-aluminio-com-revestimento-interno-antiaderente-e-tampa-de-vidro-com-saida-de-vapor-16-cm-vermelha-41704897075\/","title":{"rendered":"Panela Multiflon Essencial em Alum\u00ednio com Revestimento Interno Antiaderente e Tampa de Vidro com Sa\u00edda de Vapor 16 cm \u2013 Vermelha &#8211; 41704897075"},"content":{"rendered":"<h2>Panelas Avulsas<\/h2>\n<h3>O pre\u00e7o de Panela Multiflon Essencial em Alum\u00ednio com Revestimento Interno Antiaderente e Tampa de Vidro com Sa\u00edda de Vapor 16 cm \u2013 Vermelha no dia acima especificado era de <strong>R$ 99.9<\/strong>.<\/h3>\n<p>Confira o pre\u00e7o atual aqui: <a href=\"https:\/\/www.awin1.com\/pclick.php?p=41704897075&#038;a=690303&#038;m=17629\" target=\"_blank\" rel=\"noopener sponsored\"><img decoding=\"async\" src=\"https:\/\/ui.awin.com\/images\/upload\/merchant\/profile\/17629.png\" alt=\"Panela Multiflon Essencial em Alum\u00ednio com Revestimento Interno Antiaderente e Tampa de Vidro com Sa\u00edda de Vapor 16 cm \u2013 Vermelha\" \/> &#8211; nas lojas  Casas Bahia _<\/a><\/p>\n<p><img decoding=\"async\" src=\"https:\/\/imgs.casasbahia.com.br\/55025710\/1xg.jpg\" alt=\"Panela Multiflon Essencial em Alum\u00ednio com Revestimento Interno Antiaderente e Tampa de Vidro com Sa\u00edda de Vapor 16 cm \u2013 Vermelha\" \/><br \/>\nGaranta mais efici\u00eancia na sua cozinha na hora de preparar as refei\u00e7\u00f5es di\u00e1rias. Equipe o ambiente com a Panela Multiflon Essencial Vermelha de 16 cm e 1,2 litros de capacidade.<\/p>\n<p>Pr\u00e1tica de usar e f\u00e1cil de lavar, ela traz uma estrutura em alum\u00ednio de alt\u00edssima qualidade (99,7% de pureza) e conta com revestimento interno antiaderente Multiflon Ultra 7 \u2013 ideal para voc\u00ea que cozinha todos os dias e precisa de uma panela mais resistente. <\/p>\n<p>Apresenta, tamb\u00e9m, cabo de baquelite que resiste a altas te<\/p>\n<h4>Aproveite e pesquise o pre\u00e7o deste produto em dezenas de lojas dos marketplaces abaixo:<\/h4>\n<p><a href=\"https:\/\/www.magazinevoce.com.br\/magazineezu\/busca\/Panela Multiflon Essencial em Alum\u00ednio com Revestimento Interno Antiaderente e Tampa de Vidro com Sa\u00edda de Vapor 16 cm \u2013 Vermelha\/\" target=\"_blank\" rel=\"noopener\"><img decoding=\"async\" src=\"https:\/\/mvc.mlcdn.com.br\/ad\/2503_superofertas.png\" alt=\"Pesquise no Magazine eZu\" \/> &#8211; da Parceria MAGALU<\/a>.<\/p>\n<hr \/>\n<p><script async src=\"https:\/\/pagead2.googlesyndication.com\/pagead\/js\/adsbygoogle.js?client=ca-pub-5987304558705355\" crossorigin=\"anonymous\"><\/script><br \/>\n<ins class=\"adsbygoogle\" style=\"display: block;\" data-ad-format=\"autorelaxed\" data-ad-client=\"ca-pub-5987304558705355\" data-ad-slot=\"6675008826\"><\/ins><br \/>\n<script>\n     (adsbygoogle = window.adsbygoogle || ).push();\n<\/script><\/p>\n<hr \/>\n<p>Ainda n\u00e3o encontrou a melhor op\u00e7\u00e3o de compra? Oferecemos mais uma possibilidade de <strong>busca<\/strong> mais ampla para <a href=\"https:\/\/ecompare.com.br\/lojas\/resultados-da-pesquisa\/?q=Panela Multiflon Essencial em Alum\u00ednio com Revestimento Interno Antiaderente e Tampa de Vidro com Sa\u00edda de Vapor 16 cm \u2013 Vermelha#gsc.tab=0&amp;gsc.q=Panela Multiflon Essencial em Alum\u00ednio com Revestimento Interno Antiaderente e Tampa de Vidro com Sa\u00edda de Vapor 16 cm \u2013 Vermelha&amp;gsc.page=1\" target=\"_top\" rel=\"noopener\">Panela Multiflon Essencial em Alum\u00ednio com Revestimento Interno Antiaderente e Tampa de Vidro com Sa\u00edda de Vapor 16 cm \u2013 Vermelha, clique e continue <strong>pesquisando&#8230;<\/strong><\/a><\/p>\n<hr \/>\n<p>C\u00f3digo: 4170489707555025710R$ 99.999.917629R$ 97236<\/p>\n","protected":false},"excerpt":{"rendered":"<p>R$ 99.9 nas lojas <a href=\"https:\/\/www.casasbahia.com.br\/panela-multiflon-essencial-em-aluminio-com-revestimento-interno-antiaderente-e-tampa-de-vidro-com-saida-de-vapor-16-cm-vermelha\/p\/55025710?utm_campaign=vigiadepreco_parceiro&#038;utm_medium=afiliado&#038;utm_source=zanox&#038;idLojista=10037&#038;tipoLojista=1P&#038;utm_source=awin&#038;utm_medium=affiliate&#038;utm_id=&#038;utm_term=690303\" target=\"_blank\" rel=\"sponsored\">Casas Bahia BR<\/a><\/p>\n","protected":false},"author":1,"featured_media":0,"comment_status":"closed","ping_status":"closed","sticky":false,"template":"","format":"standard","meta":{"fifu_image_url":"","fifu_image_alt":"","footnotes":""},"categories":[5],"tags":[39],"class_list":["post-1951531","post","type-post","status-publish","format-standard","hentry","category-produtos","tag-casas-bahia-br"],"_links":{"self":[{"href":"https:\/\/ecompare.com.br\/lojas\/wp-json\/wp\/v2\/posts\/1951531","targetHints":{"allow":["GET"]}}],"collection":[{"href":"https:\/\/ecompare.com.br\/lojas\/wp-json\/wp\/v2\/posts"}],"about":[{"href":"https:\/\/ecompare.com.br\/lojas\/wp-json\/wp\/v2\/types\/post"}],"author":[{"embeddable":true,"href":"https:\/\/ecompare.com.br\/lojas\/wp-json\/wp\/v2\/users\/1"}],"replies":[{"embeddable":true,"href":"https:\/\/ecompare.com.br\/lojas\/wp-json\/wp\/v2\/comments?post=1951531"}],"version-history":[{"count":0,"href":"https:\/\/ecompare.com.br\/lojas\/wp-json\/wp\/v2\/posts\/1951531\/revisions"}],"wp:attachment":[{"href":"https:\/\/ecompare.com.br\/lojas\/wp-json\/wp\/v2\/media?parent=1951531"}],"wp:term":[{"taxonomy":"category","embeddable":true,"href":"https:\/\/ecompare.com.br\/lojas\/wp-json\/wp\/v2\/categories?post=1951531"},{"taxonomy":"post_tag","embeddable":true,"href":"https:\/\/ecompare.com.br\/lojas\/wp-json\/wp\/v2\/tags?post=1951531"}],"curies":[{"name":"wp","href":"https:\/\/api.w.org\/{rel}","templated":true}]}}